{"id":1542,"date":"2009-02-16T22:52:12","date_gmt":"2009-02-16T21:52:12","guid":{"rendered":"http:\/\/www.galoppbilder.se\/blogg\/?p=1542"},"modified":"2009-02-17T08:18:31","modified_gmt":"2009-02-17T07:18:31","slug":"reuterskiold-tar-hem-tranarchampionatet-09","status":"publish","type":"post","link":"http:\/\/www.galoppbilder.se\/blogg\/?p=1542","title":{"rendered":"Reuterski\u00f6ld tar hem tr\u00e4narchampionatet 09"},"content":{"rendered":"<p>N\u00e5gra har kanske redan noterat att jag smygst\u00e4ngde M\u00e5nadens Fr\u00e5ga f\u00f6r n\u00e5gra dagar sedan. Det \u00e4r allts\u00e5 h\u00f6g tid att presentera resultatet och dra slutsatser. 84 bloggl\u00e4sare valde att l\u00e4gga en r\u00f6st, en sm\u00e5trevlig siffra m\u00e5ste jag s\u00e4ga. Den h\u00e4r m\u00e5naden g\u00e4llde det vem som kommer att bli tr\u00e4narchampion i Sverige 2009. Resultatet \u00e4r v\u00e4l inte speciellt sv\u00e5rt att tolka. Det blir tvekl\u00f6st en Reuterski\u00f6ldare som tar hem det. Men vem? D\u00f6tt lopp mellan Junior och Fredrik. Inte mig emot om vi f\u00e5r se en h\u00e5rd br\u00f6drakamp in i november. Facit har vi v\u00e4l om sis\u00e5d\u00e4r tio m\u00e5nader.<br \/>\nJ\u00e4mnt sk\u00e4gg \u00e4ven om tredjeplatsen mellan Wido och Yvonne.<br \/>\n[poll id=&#8221;4&#8243;]<\/p>\n","protected":false},"excerpt":{"rendered":"<p>N\u00e5gra har kanske redan noterat att jag smygst\u00e4ngde M\u00e5nadens Fr\u00e5ga f\u00f6r n\u00e5gra dagar sedan. Det \u00e4r allts\u00e5 h\u00f6g tid att presentera resultatet och dra slutsatser. 84 bloggl\u00e4sare valde att l\u00e4gga en r\u00f6st, en sm\u00e5trevlig siffra m\u00e5ste jag s\u00e4ga. Den h\u00e4r m\u00e5naden g\u00e4llde det vem som kommer att bli tr\u00e4narchampion i Sverige 2009. Resultatet \u00e4r v\u00e4l &hellip; <a href=\"http:\/\/www.galoppbilder.se\/blogg\/?p=1542\" class=\"more-link\">Forts\u00e4tt l\u00e4sa<span class=\"screen-reader-text\"> \u201dReuterski\u00f6ld tar hem tr\u00e4narchampionatet 09\u201d<\/span><\/a><\/p>\n","protected":false},"author":5,"featured_media":0,"comment_status":"open","ping_status":"open","sticky":false,"template":"","format":"standard","meta":{"ngg_post_thumbnail":0,"footnotes":""},"categories":[5],"tags":[42,36],"class_list":["post-1542","post","type-post","status-publish","format-standard","hentry","category-smatt-och-gott","tag-manadens-fraga","tag-tranare"],"aioseo_notices":[],"_links":{"self":[{"href":"http:\/\/www.galoppbilder.se\/blogg\/index.php?rest_route=\/wp\/v2\/posts\/1542","targetHints":{"allow":["GET"]}}],"collection":[{"href":"http:\/\/www.galoppbilder.se\/blogg\/index.php?rest_route=\/wp\/v2\/posts"}],"about":[{"href":"http:\/\/www.galoppbilder.se\/blogg\/index.php?rest_route=\/wp\/v2\/types\/post"}],"author":[{"embeddable":true,"href":"http:\/\/www.galoppbilder.se\/blogg\/index.php?rest_route=\/wp\/v2\/users\/5"}],"replies":[{"embeddable":true,"href":"http:\/\/www.galoppbilder.se\/blogg\/index.php?rest_route=%2Fwp%2Fv2%2Fcomments&post=1542"}],"version-history":[{"count":7,"href":"http:\/\/www.galoppbilder.se\/blogg\/index.php?rest_route=\/wp\/v2\/posts\/1542\/revisions"}],"predecessor-version":[{"id":1549,"href":"http:\/\/www.galoppbilder.se\/blogg\/index.php?rest_route=\/wp\/v2\/posts\/1542\/revisions\/1549"}],"wp:attachment":[{"href":"http:\/\/www.galoppbilder.se\/blogg\/index.php?rest_route=%2Fwp%2Fv2%2Fmedia&parent=1542"}],"wp:term":[{"taxonomy":"category","embeddable":true,"href":"http:\/\/www.galoppbilder.se\/blogg\/index.php?rest_route=%2Fwp%2Fv2%2Fcategories&post=1542"},{"taxonomy":"post_tag","embeddable":true,"href":"http:\/\/www.galoppbilder.se\/blogg\/index.php?rest_route=%2Fwp%2Fv2%2Ftags&post=1542"}],"curies":[{"name":"wp","href":"https:\/\/api.w.org\/{rel}","templated":true}]}}