{"id":1790,"date":"2009-03-12T12:12:22","date_gmt":"2009-03-12T11:12:22","guid":{"rendered":"http:\/\/www.galoppbilder.se\/blogg\/?p=1790"},"modified":"2009-03-12T12:13:11","modified_gmt":"2009-03-12T11:13:11","slug":"nu-vill-vi-ha-var","status":"publish","type":"post","link":"http:\/\/www.galoppbilder.se\/blogg\/?p=1790","title":{"rendered":"Nu vill vi ha v\u00e5r"},"content":{"rendered":"<p>Sitter och kollar p\u00e5 Live-bilderna fr\u00e5n T\u00e4by. Det ser ju m\u00e5ttligt h\u00e4rligt ut med s\u00e5 mycket sn\u00f6 i mitten av mars. H\u00e4r i Sk\u00e5ne har vi \u00e5tskilliga plusgrader och det \u00e4r v\u00e4l bara en tidsfr\u00e5ga innan v\u00e5rblommorna poppar upp ur marken. Nu vill vi l\u00e4mna vintern bakom oss, bara tv\u00e5 veckor kvar till J\u00e4gersros lunchpremi\u00e4r. <\/p>\n","protected":false},"excerpt":{"rendered":"<p>Sitter och kollar p\u00e5 Live-bilderna fr\u00e5n T\u00e4by. Det ser ju m\u00e5ttligt h\u00e4rligt ut med s\u00e5 mycket sn\u00f6 i mitten av mars. H\u00e4r i Sk\u00e5ne har vi \u00e5tskilliga plusgrader och det \u00e4r v\u00e4l bara en tidsfr\u00e5ga innan v\u00e5rblommorna poppar upp ur marken. Nu vill vi l\u00e4mna vintern bakom oss, bara tv\u00e5 veckor kvar till J\u00e4gersros lunchpremi\u00e4r.<\/p>\n","protected":false},"author":5,"featured_media":0,"comment_status":"open","ping_status":"open","sticky":false,"template":"","format":"standard","meta":{"ngg_post_thumbnail":0,"footnotes":""},"categories":[5],"tags":[53],"class_list":["post-1790","post","type-post","status-publish","format-standard","hentry","category-smatt-och-gott","tag-ovasentligheter"],"aioseo_notices":[],"_links":{"self":[{"href":"http:\/\/www.galoppbilder.se\/blogg\/index.php?rest_route=\/wp\/v2\/posts\/1790","targetHints":{"allow":["GET"]}}],"collection":[{"href":"http:\/\/www.galoppbilder.se\/blogg\/index.php?rest_route=\/wp\/v2\/posts"}],"about":[{"href":"http:\/\/www.galoppbilder.se\/blogg\/index.php?rest_route=\/wp\/v2\/types\/post"}],"author":[{"embeddable":true,"href":"http:\/\/www.galoppbilder.se\/blogg\/index.php?rest_route=\/wp\/v2\/users\/5"}],"replies":[{"embeddable":true,"href":"http:\/\/www.galoppbilder.se\/blogg\/index.php?rest_route=%2Fwp%2Fv2%2Fcomments&post=1790"}],"version-history":[{"count":2,"href":"http:\/\/www.galoppbilder.se\/blogg\/index.php?rest_route=\/wp\/v2\/posts\/1790\/revisions"}],"predecessor-version":[{"id":1792,"href":"http:\/\/www.galoppbilder.se\/blogg\/index.php?rest_route=\/wp\/v2\/posts\/1790\/revisions\/1792"}],"wp:attachment":[{"href":"http:\/\/www.galoppbilder.se\/blogg\/index.php?rest_route=%2Fwp%2Fv2%2Fmedia&parent=1790"}],"wp:term":[{"taxonomy":"category","embeddable":true,"href":"http:\/\/www.galoppbilder.se\/blogg\/index.php?rest_route=%2Fwp%2Fv2%2Fcategories&post=1790"},{"taxonomy":"post_tag","embeddable":true,"href":"http:\/\/www.galoppbilder.se\/blogg\/index.php?rest_route=%2Fwp%2Fv2%2Ftags&post=1790"}],"curies":[{"name":"wp","href":"https:\/\/api.w.org\/{rel}","templated":true}]}}