{"id":2610,"date":"2009-06-02T16:14:31","date_gmt":"2009-06-02T14:14:31","guid":{"rendered":"http:\/\/www.galoppbilder.se\/blogg\/?p=2610"},"modified":"2009-06-02T16:14:31","modified_gmt":"2009-06-02T14:14:31","slug":"det-blir-en-kvall-pa-travbanan","status":"publish","type":"post","link":"http:\/\/www.galoppbilder.se\/blogg\/?p=2610","title":{"rendered":"Det blir en kv\u00e4ll p\u00e5 travbanan"},"content":{"rendered":"<p>Nix, det blir inget T\u00e4by f\u00f6r mig ikv\u00e4ll. Fullprisbiljetter p\u00e5 flyget \u00e4r verkligen inte ekonomiskt f\u00f6rsvarbara och bilen tar f\u00f6r m\u00e5nga timmar. Ikv\u00e4ll blir det ist\u00e4llet trav p\u00e5 J\u00e4gersro f\u00f6r min del. Ska f\u00f6rs\u00f6ka \u00f6ga p\u00e5 loppen i lives\u00e4ndningen p\u00e5 banan, annars f\u00e5r jag se lopprepriserna imorgon.<br \/>\nF\u00f6rresten tr\u00e5kigt att Sirjoshua Reynolds inte kommer till start i Sthlm Stora. Han var trots allt det starkaste hemmahoppet. <\/p>\n","protected":false},"excerpt":{"rendered":"<p>Nix, det blir inget T\u00e4by f\u00f6r mig ikv\u00e4ll. Fullprisbiljetter p\u00e5 flyget \u00e4r verkligen inte ekonomiskt f\u00f6rsvarbara och bilen tar f\u00f6r m\u00e5nga timmar. Ikv\u00e4ll blir det ist\u00e4llet trav p\u00e5 J\u00e4gersro f\u00f6r min del. Ska f\u00f6rs\u00f6ka \u00f6ga p\u00e5 loppen i lives\u00e4ndningen p\u00e5 banan, annars f\u00e5r jag se lopprepriserna imorgon. F\u00f6rresten tr\u00e5kigt att Sirjoshua Reynolds inte kommer till &hellip; <a href=\"http:\/\/www.galoppbilder.se\/blogg\/?p=2610\" class=\"more-link\">Forts\u00e4tt l\u00e4sa<span class=\"screen-reader-text\"> \u201dDet blir en kv\u00e4ll p\u00e5 travbanan\u201d<\/span><\/a><\/p>\n","protected":false},"author":5,"featured_media":0,"comment_status":"open","ping_status":"open","sticky":false,"template":"","format":"standard","meta":{"ngg_post_thumbnail":0,"footnotes":""},"categories":[1],"tags":[],"class_list":["post-2610","post","type-post","status-publish","format-standard","hentry","category-diverse"],"aioseo_notices":[],"_links":{"self":[{"href":"http:\/\/www.galoppbilder.se\/blogg\/index.php?rest_route=\/wp\/v2\/posts\/2610","targetHints":{"allow":["GET"]}}],"collection":[{"href":"http:\/\/www.galoppbilder.se\/blogg\/index.php?rest_route=\/wp\/v2\/posts"}],"about":[{"href":"http:\/\/www.galoppbilder.se\/blogg\/index.php?rest_route=\/wp\/v2\/types\/post"}],"author":[{"embeddable":true,"href":"http:\/\/www.galoppbilder.se\/blogg\/index.php?rest_route=\/wp\/v2\/users\/5"}],"replies":[{"embeddable":true,"href":"http:\/\/www.galoppbilder.se\/blogg\/index.php?rest_route=%2Fwp%2Fv2%2Fcomments&post=2610"}],"version-history":[{"count":1,"href":"http:\/\/www.galoppbilder.se\/blogg\/index.php?rest_route=\/wp\/v2\/posts\/2610\/revisions"}],"predecessor-version":[{"id":2611,"href":"http:\/\/www.galoppbilder.se\/blogg\/index.php?rest_route=\/wp\/v2\/posts\/2610\/revisions\/2611"}],"wp:attachment":[{"href":"http:\/\/www.galoppbilder.se\/blogg\/index.php?rest_route=%2Fwp%2Fv2%2Fmedia&parent=2610"}],"wp:term":[{"taxonomy":"category","embeddable":true,"href":"http:\/\/www.galoppbilder.se\/blogg\/index.php?rest_route=%2Fwp%2Fv2%2Fcategories&post=2610"},{"taxonomy":"post_tag","embeddable":true,"href":"http:\/\/www.galoppbilder.se\/blogg\/index.php?rest_route=%2Fwp%2Fv2%2Ftags&post=2610"}],"curies":[{"name":"wp","href":"https:\/\/api.w.org\/{rel}","templated":true}]}}