{"id":2659,"date":"2009-06-07T17:31:45","date_gmt":"2009-06-07T15:31:45","guid":{"rendered":"http:\/\/www.galoppbilder.se\/blogg\/?p=2659"},"modified":"2009-06-07T23:05:41","modified_gmt":"2009-06-07T21:05:41","slug":"annu-en-dag-pa-banan","status":"publish","type":"post","link":"http:\/\/www.galoppbilder.se\/blogg\/?p=2659","title":{"rendered":"\u00c4nnu en dag p\u00e5 banan"},"content":{"rendered":"<p><img loading=\"lazy\" decoding=\"async\" src=\"http:\/\/www.galoppbilder.se\/blogg\/wp-content\/uploads\/2009\/06\/gbg1.jpg\" alt=\"G\u00f6teborg\" title=\"G\u00f6teborg\" width=\"600\" height=\"463\" class=\"aligncenter size-full wp-image-2660\" srcset=\"http:\/\/www.galoppbilder.se\/blogg\/wp-content\/uploads\/2009\/06\/gbg1.jpg 600w, http:\/\/www.galoppbilder.se\/blogg\/wp-content\/uploads\/2009\/06\/gbg1-300x231.jpg 300w\" sizes=\"auto, (max-width: 709px) 85vw, (max-width: 909px) 67vw, (max-width: 984px) 61vw, (max-width: 1362px) 45vw, 600px\" \/><br \/>\nS\u00e5 d\u00e4r ja, \u00e4nnu en dag p\u00e5 G\u00f6teborg Galopp \u00e4r avverkad. Snart dags att k\u00f6ra hem igen. Dagens t\u00e4vlingar var t\u00e4mligen odramatiska. V\u00e4dret var okej bortsett fr\u00e5n en ordentlig regnskur. Banan var n\u00e5got h\u00e5rdare \u00e4n senast men k\u00e4ndes riktigt fin n\u00e4r jag var ute och sprang p\u00e5 den. G\u00f6teborgs gr\u00e4sbana \u00e4r fullst\u00e4ndigt \u00f6verl\u00e4gsen i Skandinavien. <\/p>\n<p>Att Come On Deer skulle ta hem Fred Armstrong Cup var en smula \u00f6verraskande f\u00f6r mig. Inget fel p\u00e5 h\u00e4sten egentligen, men n\u00e5gon segermaskin har han definitivt inte varit. Stalljockeyn Rafael Schistl satt i vinnarsadeln och han blev \u00e4ven \u201ddagens man\u201d med totalt tre segrar. Den sista var en \u201dspare ride\u201d d\u00e4r Rafael ersatte Per-Anders i sadeln p\u00e5 araben Samwise.<br \/>\nNej, nu \u00e4r det h\u00f6g tid att rulla hem\u00e5t.<\/p>\n","protected":false},"excerpt":{"rendered":"<p>S\u00e5 d\u00e4r ja, \u00e4nnu en dag p\u00e5 G\u00f6teborg Galopp \u00e4r avverkad. Snart dags att k\u00f6ra hem igen. Dagens t\u00e4vlingar var t\u00e4mligen odramatiska. V\u00e4dret var okej bortsett fr\u00e5n en ordentlig regnskur. Banan var n\u00e5got h\u00e5rdare \u00e4n senast men k\u00e4ndes riktigt fin n\u00e4r jag var ute och sprang p\u00e5 den. G\u00f6teborgs gr\u00e4sbana \u00e4r fullst\u00e4ndigt \u00f6verl\u00e4gsen i Skandinavien. &hellip; <a href=\"http:\/\/www.galoppbilder.se\/blogg\/?p=2659\" class=\"more-link\">Forts\u00e4tt l\u00e4sa<span class=\"screen-reader-text\"> \u201d\u00c4nnu en dag p\u00e5 banan\u201d<\/span><\/a><\/p>\n","protected":false},"author":5,"featured_media":0,"comment_status":"open","ping_status":"open","sticky":false,"template":"","format":"standard","meta":{"ngg_post_thumbnail":0,"footnotes":""},"categories":[1,8],"tags":[35,70],"class_list":["post-2659","post","type-post","status-publish","format-standard","hentry","category-diverse","category-vardagsgalopp","tag-arbetsdagen","tag-goteborg"],"aioseo_notices":[],"_links":{"self":[{"href":"http:\/\/www.galoppbilder.se\/blogg\/index.php?rest_route=\/wp\/v2\/posts\/2659","targetHints":{"allow":["GET"]}}],"collection":[{"href":"http:\/\/www.galoppbilder.se\/blogg\/index.php?rest_route=\/wp\/v2\/posts"}],"about":[{"href":"http:\/\/www.galoppbilder.se\/blogg\/index.php?rest_route=\/wp\/v2\/types\/post"}],"author":[{"embeddable":true,"href":"http:\/\/www.galoppbilder.se\/blogg\/index.php?rest_route=\/wp\/v2\/users\/5"}],"replies":[{"embeddable":true,"href":"http:\/\/www.galoppbilder.se\/blogg\/index.php?rest_route=%2Fwp%2Fv2%2Fcomments&post=2659"}],"version-history":[{"count":4,"href":"http:\/\/www.galoppbilder.se\/blogg\/index.php?rest_route=\/wp\/v2\/posts\/2659\/revisions"}],"predecessor-version":[{"id":2664,"href":"http:\/\/www.galoppbilder.se\/blogg\/index.php?rest_route=\/wp\/v2\/posts\/2659\/revisions\/2664"}],"wp:attachment":[{"href":"http:\/\/www.galoppbilder.se\/blogg\/index.php?rest_route=%2Fwp%2Fv2%2Fmedia&parent=2659"}],"wp:term":[{"taxonomy":"category","embeddable":true,"href":"http:\/\/www.galoppbilder.se\/blogg\/index.php?rest_route=%2Fwp%2Fv2%2Fcategories&post=2659"},{"taxonomy":"post_tag","embeddable":true,"href":"http:\/\/www.galoppbilder.se\/blogg\/index.php?rest_route=%2Fwp%2Fv2%2Ftags&post=2659"}],"curies":[{"name":"wp","href":"https:\/\/api.w.org\/{rel}","templated":true}]}}