{"id":2787,"date":"2009-06-17T00:35:46","date_gmt":"2009-06-16T22:35:46","guid":{"rendered":"http:\/\/www.galoppbilder.se\/blogg\/?p=2787"},"modified":"2009-06-17T00:35:46","modified_gmt":"2009-06-16T22:35:46","slug":"en-del-besvikelser-men-anda-fina-prestationer","status":"publish","type":"post","link":"http:\/\/www.galoppbilder.se\/blogg\/?p=2787","title":{"rendered":"En del besvikelser&#8230; men \u00e4nd\u00e5 fina prestationer"},"content":{"rendered":"<p><img loading=\"lazy\" decoding=\"async\" src=\"http:\/\/www.galoppbilder.se\/blogg\/wp-content\/uploads\/2009\/06\/erroll.jpg\" alt=\"Erroll\" title=\"Erroll\" width=\"600\" height=\"432\" class=\"aligncenter size-full wp-image-2788\" srcset=\"http:\/\/www.galoppbilder.se\/blogg\/wp-content\/uploads\/2009\/06\/erroll.jpg 600w, http:\/\/www.galoppbilder.se\/blogg\/wp-content\/uploads\/2009\/06\/erroll-300x216.jpg 300w\" sizes=\"auto, (max-width: 709px) 85vw, (max-width: 909px) 67vw, (max-width: 984px) 61vw, (max-width: 1362px) 45vw, 600px\" \/><br \/>\nTisdagens klassiska kv\u00e4ll g\u00e5r kanske inte till historien som en av de b\u00e4ttre. Att rida Jockeyklubbens och Diana p\u00e5 dirttracken var inget man jublade \u00f6ver precis. Och oms\u00e4ttningen ska vi kanske inte tala om\u2026 Men det blev \u00e4nd\u00e5 en sk\u00f6n kv\u00e4ll p\u00e5 galoppbanan och ingen skugga ska falla \u00f6ver vinnarna. Erroll k\u00e4nns fortsatt stabil. Tog sj\u00e4tte raka segern och l\u00e4mnade konkurrenterna l\u00e5ngt bakom sig \u00f6ver upploppet. Blir sp\u00e4nnande att f\u00f6lja hans fortsatta framfart. Skandinavisk M\u00e4sterskap i Oslo, SM och Scandinavian Challenge finns visst med p\u00e5 agendan. Sedan s\u00e5g La Zona ut att vara n\u00e5got alldeles extra. Ge henne gr\u00e4s och stayerdistans, ja d\u00e5 kommer hon antagligen att h\u00f6ja sig ytterligare ett sn\u00e4pp.<\/p>\n","protected":false},"excerpt":{"rendered":"<p>Tisdagens klassiska kv\u00e4ll g\u00e5r kanske inte till historien som en av de b\u00e4ttre. Att rida Jockeyklubbens och Diana p\u00e5 dirttracken var inget man jublade \u00f6ver precis. Och oms\u00e4ttningen ska vi kanske inte tala om\u2026 Men det blev \u00e4nd\u00e5 en sk\u00f6n kv\u00e4ll p\u00e5 galoppbanan och ingen skugga ska falla \u00f6ver vinnarna. Erroll k\u00e4nns fortsatt stabil. Tog &hellip; <a href=\"http:\/\/www.galoppbilder.se\/blogg\/?p=2787\" class=\"more-link\">Forts\u00e4tt l\u00e4sa<span class=\"screen-reader-text\"> \u201dEn del besvikelser&#8230; men \u00e4nd\u00e5 fina prestationer\u201d<\/span><\/a><\/p>\n","protected":false},"author":5,"featured_media":0,"comment_status":"open","ping_status":"open","sticky":false,"template":"","format":"standard","meta":{"ngg_post_thumbnail":0,"footnotes":""},"categories":[1,3,7],"tags":[15],"class_list":["post-2787","post","type-post","status-publish","format-standard","hentry","category-diverse","category-foto","category-storlopp","tag-taby"],"aioseo_notices":[],"_links":{"self":[{"href":"http:\/\/www.galoppbilder.se\/blogg\/index.php?rest_route=\/wp\/v2\/posts\/2787","targetHints":{"allow":["GET"]}}],"collection":[{"href":"http:\/\/www.galoppbilder.se\/blogg\/index.php?rest_route=\/wp\/v2\/posts"}],"about":[{"href":"http:\/\/www.galoppbilder.se\/blogg\/index.php?rest_route=\/wp\/v2\/types\/post"}],"author":[{"embeddable":true,"href":"http:\/\/www.galoppbilder.se\/blogg\/index.php?rest_route=\/wp\/v2\/users\/5"}],"replies":[{"embeddable":true,"href":"http:\/\/www.galoppbilder.se\/blogg\/index.php?rest_route=%2Fwp%2Fv2%2Fcomments&post=2787"}],"version-history":[{"count":1,"href":"http:\/\/www.galoppbilder.se\/blogg\/index.php?rest_route=\/wp\/v2\/posts\/2787\/revisions"}],"predecessor-version":[{"id":2789,"href":"http:\/\/www.galoppbilder.se\/blogg\/index.php?rest_route=\/wp\/v2\/posts\/2787\/revisions\/2789"}],"wp:attachment":[{"href":"http:\/\/www.galoppbilder.se\/blogg\/index.php?rest_route=%2Fwp%2Fv2%2Fmedia&parent=2787"}],"wp:term":[{"taxonomy":"category","embeddable":true,"href":"http:\/\/www.galoppbilder.se\/blogg\/index.php?rest_route=%2Fwp%2Fv2%2Fcategories&post=2787"},{"taxonomy":"post_tag","embeddable":true,"href":"http:\/\/www.galoppbilder.se\/blogg\/index.php?rest_route=%2Fwp%2Fv2%2Ftags&post=2787"}],"curies":[{"name":"wp","href":"https:\/\/api.w.org\/{rel}","templated":true}]}}