{"id":2790,"date":"2009-06-17T17:54:06","date_gmt":"2009-06-17T15:54:06","guid":{"rendered":"http:\/\/www.galoppbilder.se\/blogg\/?p=2790"},"modified":"2009-06-17T17:54:06","modified_gmt":"2009-06-17T15:54:06","slug":"bonusbilder-taby-galopp-16-juni","status":"publish","type":"post","link":"http:\/\/www.galoppbilder.se\/blogg\/?p=2790","title":{"rendered":"Bonusbilder T\u00e4by Galopp 16 juni"},"content":{"rendered":"<p>Arbete p\u00e5 T\u00e4by hela onsdagen. Har bl a skrivit loppkommentarer, snackat strunt med tr\u00e4nare och k\u00e4kat lunch ute p\u00e5 Ullna. Klockan \u00e4r strax 18 och det \u00e4r dags att rulla s\u00f6derut. Men innan jag sticker s\u00e5 bjuder jag p\u00e5 n\u00e5gra &#8221;bonusbilder&#8221; fr\u00e5n g\u00e5rdagen. Vi ses p\u00e5 J\u00e4gersro imorgon! \ud83d\ude42<\/p>\nngg_shortcode_0_placeholder\n","protected":false},"excerpt":{"rendered":"<p>Arbete p\u00e5 T\u00e4by hela onsdagen. Har bl a skrivit loppkommentarer, snackat strunt med tr\u00e4nare och k\u00e4kat lunch ute p\u00e5 Ullna. Klockan \u00e4r strax 18 och det \u00e4r dags att rulla s\u00f6derut. Men innan jag sticker s\u00e5 bjuder jag p\u00e5 n\u00e5gra &#8221;bonusbilder&#8221; fr\u00e5n g\u00e5rdagen. Vi ses p\u00e5 J\u00e4gersro imorgon! \ud83d\ude42<\/p>\n","protected":false},"author":5,"featured_media":0,"comment_status":"open","ping_status":"open","sticky":false,"template":"","format":"standard","meta":{"ngg_post_thumbnail":0,"footnotes":""},"categories":[3],"tags":[35,67,15],"class_list":["post-2790","post","type-post","status-publish","format-standard","hentry","category-foto","tag-arbetsdagen","tag-bonusbilder","tag-taby"],"aioseo_notices":[],"_links":{"self":[{"href":"http:\/\/www.galoppbilder.se\/blogg\/index.php?rest_route=\/wp\/v2\/posts\/2790","targetHints":{"allow":["GET"]}}],"collection":[{"href":"http:\/\/www.galoppbilder.se\/blogg\/index.php?rest_route=\/wp\/v2\/posts"}],"about":[{"href":"http:\/\/www.galoppbilder.se\/blogg\/index.php?rest_route=\/wp\/v2\/types\/post"}],"author":[{"embeddable":true,"href":"http:\/\/www.galoppbilder.se\/blogg\/index.php?rest_route=\/wp\/v2\/users\/5"}],"replies":[{"embeddable":true,"href":"http:\/\/www.galoppbilder.se\/blogg\/index.php?rest_route=%2Fwp%2Fv2%2Fcomments&post=2790"}],"version-history":[{"count":2,"href":"http:\/\/www.galoppbilder.se\/blogg\/index.php?rest_route=\/wp\/v2\/posts\/2790\/revisions"}],"predecessor-version":[{"id":2792,"href":"http:\/\/www.galoppbilder.se\/blogg\/index.php?rest_route=\/wp\/v2\/posts\/2790\/revisions\/2792"}],"wp:attachment":[{"href":"http:\/\/www.galoppbilder.se\/blogg\/index.php?rest_route=%2Fwp%2Fv2%2Fmedia&parent=2790"}],"wp:term":[{"taxonomy":"category","embeddable":true,"href":"http:\/\/www.galoppbilder.se\/blogg\/index.php?rest_route=%2Fwp%2Fv2%2Fcategories&post=2790"},{"taxonomy":"post_tag","embeddable":true,"href":"http:\/\/www.galoppbilder.se\/blogg\/index.php?rest_route=%2Fwp%2Fv2%2Ftags&post=2790"}],"curies":[{"name":"wp","href":"https:\/\/api.w.org\/{rel}","templated":true}]}}