{"id":3528,"date":"2009-10-05T09:59:04","date_gmt":"2009-10-05T07:59:04","guid":{"rendered":"http:\/\/www.galoppbilder.se\/blogg\/?p=3528"},"modified":"2009-10-05T09:59:04","modified_gmt":"2009-10-05T07:59:04","slug":"nagra-videoklipp-fran-finaldagen-pa-goteborg-galopp","status":"publish","type":"post","link":"http:\/\/www.galoppbilder.se\/blogg\/?p=3528","title":{"rendered":"N\u00e5gra videoklipp fr\u00e5n finaldagen p\u00e5 G\u00f6teborg Galopp"},"content":{"rendered":"<p>Experimentet med r\u00f6rlig bild forts\u00e4tter. Nu har jag precis lagt upp ett litet klipp med diverse bilder fr\u00e5n finaldagen p\u00e5 G\u00f6teborg Galopp &#8211; fr\u00e4mst fr\u00e5n ledvolten. Dessv\u00e4rre var v\u00e4dergudarna p\u00e5 ganska d\u00e5ligt hum\u00f6r och det var fr\u00e4mst den h\u00e5rda vinden som st\u00e4llde till det. Det \u00e4r anledningen till att ljudet \u00e4r riktigt d\u00e5ligt. En stund funderade jag faktiskt p\u00e5 att plocka bort ljudet helt, men till slut fick det vara med \u00e4nd\u00e5. <\/p>\n<p><object width=\"560\" height=\"340\"><param name=\"movie\" value=\"http:\/\/www.youtube.com\/v\/UkggSMf0oTk&#038;hl=sv&#038;fs=1&#038;rel=0\"><\/param><param name=\"allowFullScreen\" value=\"true\"><\/param><param name=\"allowscriptaccess\" value=\"always\"><\/param><embed src=\"http:\/\/www.youtube.com\/v\/UkggSMf0oTk&#038;hl=sv&#038;fs=1&#038;rel=0\" type=\"application\/x-shockwave-flash\" allowscriptaccess=\"always\" allowfullscreen=\"true\" width=\"560\" height=\"340\"><\/embed><\/object><\/p>\n","protected":false},"excerpt":{"rendered":"<p>Experimentet med r\u00f6rlig bild forts\u00e4tter. Nu har jag precis lagt upp ett litet klipp med diverse bilder fr\u00e5n finaldagen p\u00e5 G\u00f6teborg Galopp &#8211; fr\u00e4mst fr\u00e5n ledvolten. Dessv\u00e4rre var v\u00e4dergudarna p\u00e5 ganska d\u00e5ligt hum\u00f6r och det var fr\u00e4mst den h\u00e5rda vinden som st\u00e4llde till det. Det \u00e4r anledningen till att ljudet \u00e4r riktigt d\u00e5ligt. En stund &hellip; <a href=\"http:\/\/www.galoppbilder.se\/blogg\/?p=3528\" class=\"more-link\">Forts\u00e4tt l\u00e4sa<span class=\"screen-reader-text\"> \u201dN\u00e5gra videoklipp fr\u00e5n finaldagen p\u00e5 G\u00f6teborg Galopp\u201d<\/span><\/a><\/p>\n","protected":false},"author":5,"featured_media":0,"comment_status":"open","ping_status":"open","sticky":false,"template":"","format":"standard","meta":{"ngg_post_thumbnail":0,"footnotes":""},"categories":[8],"tags":[70,77],"class_list":["post-3528","post","type-post","status-publish","format-standard","hentry","category-vardagsgalopp","tag-goteborg","tag-videoklipp"],"aioseo_notices":[],"_links":{"self":[{"href":"http:\/\/www.galoppbilder.se\/blogg\/index.php?rest_route=\/wp\/v2\/posts\/3528","targetHints":{"allow":["GET"]}}],"collection":[{"href":"http:\/\/www.galoppbilder.se\/blogg\/index.php?rest_route=\/wp\/v2\/posts"}],"about":[{"href":"http:\/\/www.galoppbilder.se\/blogg\/index.php?rest_route=\/wp\/v2\/types\/post"}],"author":[{"embeddable":true,"href":"http:\/\/www.galoppbilder.se\/blogg\/index.php?rest_route=\/wp\/v2\/users\/5"}],"replies":[{"embeddable":true,"href":"http:\/\/www.galoppbilder.se\/blogg\/index.php?rest_route=%2Fwp%2Fv2%2Fcomments&post=3528"}],"version-history":[{"count":1,"href":"http:\/\/www.galoppbilder.se\/blogg\/index.php?rest_route=\/wp\/v2\/posts\/3528\/revisions"}],"predecessor-version":[{"id":3529,"href":"http:\/\/www.galoppbilder.se\/blogg\/index.php?rest_route=\/wp\/v2\/posts\/3528\/revisions\/3529"}],"wp:attachment":[{"href":"http:\/\/www.galoppbilder.se\/blogg\/index.php?rest_route=%2Fwp%2Fv2%2Fmedia&parent=3528"}],"wp:term":[{"taxonomy":"category","embeddable":true,"href":"http:\/\/www.galoppbilder.se\/blogg\/index.php?rest_route=%2Fwp%2Fv2%2Fcategories&post=3528"},{"taxonomy":"post_tag","embeddable":true,"href":"http:\/\/www.galoppbilder.se\/blogg\/index.php?rest_route=%2Fwp%2Fv2%2Ftags&post=3528"}],"curies":[{"name":"wp","href":"https:\/\/api.w.org\/{rel}","templated":true}]}}