{"id":3530,"date":"2009-10-06T16:59:47","date_gmt":"2009-10-06T14:59:47","guid":{"rendered":"http:\/\/www.galoppbilder.se\/blogg\/?p=3530"},"modified":"2009-10-06T16:59:47","modified_gmt":"2009-10-06T14:59:47","slug":"aringsauktionen-1997","status":"publish","type":"post","link":"http:\/\/www.galoppbilder.se\/blogg\/?p=3530","title":{"rendered":"\u00c5ringsauktionen 1997"},"content":{"rendered":"<p><img loading=\"lazy\" decoding=\"async\" src=\"http:\/\/www.galoppbilder.se\/blogg\/wp-content\/uploads\/2009\/10\/auktion_97.jpg\" alt=\"Auktion 1997\" title=\"Auktion 1997\" width=\"600\" height=\"392\" class=\"aligncenter size-full wp-image-3531\" srcset=\"http:\/\/www.galoppbilder.se\/blogg\/wp-content\/uploads\/2009\/10\/auktion_97.jpg 600w, http:\/\/www.galoppbilder.se\/blogg\/wp-content\/uploads\/2009\/10\/auktion_97-300x196.jpg 300w\" sizes=\"auto, (max-width: 709px) 85vw, (max-width: 909px) 67vw, (max-width: 984px) 61vw, (max-width: 1362px) 45vw, 600px\" \/><br \/>\nP\u00e5 l\u00f6rdag \u00e4r det stor \u00e5ringsauktion p\u00e5 T\u00e4by Galopp. F\u00f6r ett par dagar sedan r\u00e5kade jag springa \u00f6ver den h\u00e4r bilden. Den \u00e4r fr\u00e5n \u00e5ringsauktionen p\u00e5 T\u00e4by Park Hotel 1997, allts\u00e5 typ 12 \u00e5r sedan. Oj vad tiden g\u00e5r! <\/p>\n","protected":false},"excerpt":{"rendered":"<p>P\u00e5 l\u00f6rdag \u00e4r det stor \u00e5ringsauktion p\u00e5 T\u00e4by Galopp. F\u00f6r ett par dagar sedan r\u00e5kade jag springa \u00f6ver den h\u00e4r bilden. Den \u00e4r fr\u00e5n \u00e5ringsauktionen p\u00e5 T\u00e4by Park Hotel 1997, allts\u00e5 typ 12 \u00e5r sedan. Oj vad tiden g\u00e5r!<\/p>\n","protected":false},"author":5,"featured_media":0,"comment_status":"open","ping_status":"open","sticky":false,"template":"","format":"standard","meta":{"ngg_post_thumbnail":0,"footnotes":""},"categories":[3,5],"tags":[15],"class_list":["post-3530","post","type-post","status-publish","format-standard","hentry","category-foto","category-smatt-och-gott","tag-taby"],"aioseo_notices":[],"_links":{"self":[{"href":"http:\/\/www.galoppbilder.se\/blogg\/index.php?rest_route=\/wp\/v2\/posts\/3530","targetHints":{"allow":["GET"]}}],"collection":[{"href":"http:\/\/www.galoppbilder.se\/blogg\/index.php?rest_route=\/wp\/v2\/posts"}],"about":[{"href":"http:\/\/www.galoppbilder.se\/blogg\/index.php?rest_route=\/wp\/v2\/types\/post"}],"author":[{"embeddable":true,"href":"http:\/\/www.galoppbilder.se\/blogg\/index.php?rest_route=\/wp\/v2\/users\/5"}],"replies":[{"embeddable":true,"href":"http:\/\/www.galoppbilder.se\/blogg\/index.php?rest_route=%2Fwp%2Fv2%2Fcomments&post=3530"}],"version-history":[{"count":1,"href":"http:\/\/www.galoppbilder.se\/blogg\/index.php?rest_route=\/wp\/v2\/posts\/3530\/revisions"}],"predecessor-version":[{"id":3532,"href":"http:\/\/www.galoppbilder.se\/blogg\/index.php?rest_route=\/wp\/v2\/posts\/3530\/revisions\/3532"}],"wp:attachment":[{"href":"http:\/\/www.galoppbilder.se\/blogg\/index.php?rest_route=%2Fwp%2Fv2%2Fmedia&parent=3530"}],"wp:term":[{"taxonomy":"category","embeddable":true,"href":"http:\/\/www.galoppbilder.se\/blogg\/index.php?rest_route=%2Fwp%2Fv2%2Fcategories&post=3530"},{"taxonomy":"post_tag","embeddable":true,"href":"http:\/\/www.galoppbilder.se\/blogg\/index.php?rest_route=%2Fwp%2Fv2%2Ftags&post=3530"}],"curies":[{"name":"wp","href":"https:\/\/api.w.org\/{rel}","templated":true}]}}