{"id":4409,"date":"2010-07-04T19:00:01","date_gmt":"2010-07-04T17:00:01","guid":{"rendered":"http:\/\/www.galoppbilder.se\/blogg\/?p=4409"},"modified":"2010-07-04T19:00:01","modified_gmt":"2010-07-04T17:00:01","slug":"fartfest","status":"publish","type":"post","link":"http:\/\/www.galoppbilder.se\/blogg\/?p=4409","title":{"rendered":"Fartfest!"},"content":{"rendered":"<p><img loading=\"lazy\" decoding=\"async\" class=\"aligncenter size-full wp-image-4410\" title=\"quarter2\" src=\"http:\/\/www.galoppbilder.se\/blogg\/wp-content\/uploads\/2010\/07\/quarter2.jpg\" alt=\"\" width=\"600\" height=\"366\" srcset=\"http:\/\/www.galoppbilder.se\/blogg\/wp-content\/uploads\/2010\/07\/quarter2.jpg 600w, http:\/\/www.galoppbilder.se\/blogg\/wp-content\/uploads\/2010\/07\/quarter2-300x183.jpg 300w\" sizes=\"auto, (max-width: 709px) 85vw, (max-width: 909px) 67vw, (max-width: 984px) 61vw, (max-width: 1362px) 45vw, 600px\" \/><br \/>\nKom hem fr\u00e5n ett stekhett J\u00e4gersro f\u00f6r ett litet tag sedan. Tre t\u00e4vlingsdagar i 25-30 gradig v\u00e4rme k\u00e4nns kan jag s\u00e4ga. Eller egentligen ska vi kanske s\u00e4ga fyra, jag var ju p\u00e5 T\u00e4by i torsdags.<\/p>\n<p>K\u00e4nde mest att jag tvungen att s\u00e4ga n\u00e5got om dagens tokh\u00e4ftiga quaterhorserace. Vilken fart! Publiken gillar det, jockeyerna \u00e4lskar det! Det g\u00e5r liksom inte att ta miste p\u00e5. Jag hoppas verkligen att vi kan satsa h\u00e5rdare p\u00e5 quarterracing fram\u00f6ver. N\u00e5gra lopp p\u00e5 J\u00e4gersro, T\u00e4by och G\u00f6teborg Galopp varje \u00e5r. Det hade v\u00e4l varit n\u00e5got?<\/p>\n<p>Nu ska jag skriva klart referat och fixa till ett g\u00e4ng bilder fr\u00e5n dagen. F\u00e5r se om jag hinner f\u00e5 fram n\u00e5gra bonusbilder fr\u00e5n American Days fram\u00f6ver. De n\u00e4rmaste dagarna ska vi bl a g\u00f6ra tv\u00e5 t\u00e4byprogram s\u00e5 agendan \u00e4r v\u00e4lfylld.<\/p>\n","protected":false},"excerpt":{"rendered":"<p>Kom hem fr\u00e5n ett stekhett J\u00e4gersro f\u00f6r ett litet tag sedan. Tre t\u00e4vlingsdagar i 25-30 gradig v\u00e4rme k\u00e4nns kan jag s\u00e4ga. Eller egentligen ska vi kanske s\u00e4ga fyra, jag var ju p\u00e5 T\u00e4by i torsdags. K\u00e4nde mest att jag tvungen att s\u00e4ga n\u00e5got om dagens tokh\u00e4ftiga quaterhorserace. Vilken fart! Publiken gillar det, jockeyerna \u00e4lskar det! &hellip; <a href=\"http:\/\/www.galoppbilder.se\/blogg\/?p=4409\" class=\"more-link\">Forts\u00e4tt l\u00e4sa<span class=\"screen-reader-text\"> \u201dFartfest!\u201d<\/span><\/a><\/p>\n","protected":false},"author":5,"featured_media":0,"comment_status":"open","ping_status":"open","sticky":false,"template":"","format":"standard","meta":{"ngg_post_thumbnail":0,"footnotes":""},"categories":[1,3],"tags":[31],"class_list":["post-4409","post","type-post","status-publish","format-standard","hentry","category-diverse","category-foto","tag-jagersro"],"aioseo_notices":[],"_links":{"self":[{"href":"http:\/\/www.galoppbilder.se\/blogg\/index.php?rest_route=\/wp\/v2\/posts\/4409","targetHints":{"allow":["GET"]}}],"collection":[{"href":"http:\/\/www.galoppbilder.se\/blogg\/index.php?rest_route=\/wp\/v2\/posts"}],"about":[{"href":"http:\/\/www.galoppbilder.se\/blogg\/index.php?rest_route=\/wp\/v2\/types\/post"}],"author":[{"embeddable":true,"href":"http:\/\/www.galoppbilder.se\/blogg\/index.php?rest_route=\/wp\/v2\/users\/5"}],"replies":[{"embeddable":true,"href":"http:\/\/www.galoppbilder.se\/blogg\/index.php?rest_route=%2Fwp%2Fv2%2Fcomments&post=4409"}],"version-history":[{"count":2,"href":"http:\/\/www.galoppbilder.se\/blogg\/index.php?rest_route=\/wp\/v2\/posts\/4409\/revisions"}],"predecessor-version":[{"id":4412,"href":"http:\/\/www.galoppbilder.se\/blogg\/index.php?rest_route=\/wp\/v2\/posts\/4409\/revisions\/4412"}],"wp:attachment":[{"href":"http:\/\/www.galoppbilder.se\/blogg\/index.php?rest_route=%2Fwp%2Fv2%2Fmedia&parent=4409"}],"wp:term":[{"taxonomy":"category","embeddable":true,"href":"http:\/\/www.galoppbilder.se\/blogg\/index.php?rest_route=%2Fwp%2Fv2%2Fcategories&post=4409"},{"taxonomy":"post_tag","embeddable":true,"href":"http:\/\/www.galoppbilder.se\/blogg\/index.php?rest_route=%2Fwp%2Fv2%2Ftags&post=4409"}],"curies":[{"name":"wp","href":"https:\/\/api.w.org\/{rel}","templated":true}]}}