{"id":4418,"date":"2010-07-05T17:09:24","date_gmt":"2010-07-05T15:09:24","guid":{"rendered":"http:\/\/www.galoppbilder.se\/blogg\/?p=4418"},"modified":"2010-07-06T17:37:14","modified_gmt":"2010-07-06T15:37:14","slug":"magstarkt","status":"publish","type":"post","link":"http:\/\/www.galoppbilder.se\/blogg\/?p=4418","title":{"rendered":"Magstarkt?"},"content":{"rendered":"<p><strong>Eftersom n\u00e5gra tydligen tagit v\u00e4ldigt illa upp av att jag publicerat en bild fr\u00e5n Knicker Kittens lilla inslag p\u00e5 J\u00e4gersro i l\u00f6rdags kv\u00e4ll har jag best\u00e4mt mig f\u00f6r att plocka bort den fr\u00e5n bloggen. Det h\u00e4r var naturligtvis inget l\u00e4tt beslut eftersom jag k\u00e4nner att det inskr\u00e4nker min frihet som bloggare och inte minst fotograf.<\/strong><\/p>\n<p>Ur ett bildjournalistiskt perspektiv var bilden oklanderlig. Lite blygsamt vill jag p\u00e5st\u00e5 att den rent fotografiskt var riktigt bra. Den speglade ett \u00f6gonblick p\u00e5 ett f\u00f6r mig lite udda och humoristiskt s\u00e4tt. Men som vanligt finns det n\u00e5gra som drar helt andra och ofta fullst\u00e4ndigt felaktiga slutsatser av vad de ser. F\u00f6r alla som var p\u00e5 plats beh\u00f6ver jag egentligen inte f\u00f6rtydliga n\u00e5got. Alla andra f\u00e5r g\u00e4rna forts\u00e4tta att spekulera, alternativt ta reda p\u00e5 fakta.<\/p>\n<p>Jag t\u00e4nker dock inte f\u00f6rsvara American Days-arrang\u00f6rens initiativ att visa framtr\u00e4dandet klockan sju p\u00e5 kv\u00e4llen inf\u00f6r en minst sagt blandad publik. \u00c4ven f\u00f6r mig var det lite v\u00e4l magstarkt. Men ur mitt perspektiv var bilden som s\u00e5dan endast en journalistisk dokumentation av en h\u00e4ndelse och en s\u00e5dan kan inneh\u00e5lla b\u00e5de positiva och negativa v\u00e4rden.<\/p>\n<p>Alla som f\u00f6ljt den h\u00e4r bloggen vet att jag var ytterst n\u00e4ra att l\u00e4gga ner den f\u00f6r bara en dryg m\u00e5nad sedan. En av anledningarna var att ett f\u00e5tal \u2013 ibland inflytelserika &#8211; personer hade f\u00f6r stora synpunkter p\u00e5 vad jag skrev. I n\u00e4stan samtliga fall handlade om rent bagatellartade saker. Det \u00e4r kanske inte s\u00e5 sv\u00e5rt att r\u00e4kna ut att den h\u00e4r lilla h\u00e4ndelsen v\u00e4cker tankarna p\u00e5 nytt. Att den inte st\u00e4rker min motivation att forts\u00e4tta \u00e4r helt klart.<\/p>\n<p>Var det r\u00e4tt eller fel att ta bort bilden? Jag vill naturligtvis veta vad ni tycker s\u00e5 skriv g\u00e4rna en kommentar.<\/p>\n","protected":false},"excerpt":{"rendered":"<p>Eftersom n\u00e5gra tydligen tagit v\u00e4ldigt illa upp av att jag publicerat en bild fr\u00e5n Knicker Kittens lilla inslag p\u00e5 J\u00e4gersro i l\u00f6rdags kv\u00e4ll har jag best\u00e4mt mig f\u00f6r att plocka bort den fr\u00e5n bloggen. Det h\u00e4r var naturligtvis inget l\u00e4tt beslut eftersom jag k\u00e4nner att det inskr\u00e4nker min frihet som bloggare och inte minst fotograf. &hellip; <a href=\"http:\/\/www.galoppbilder.se\/blogg\/?p=4418\" class=\"more-link\">Forts\u00e4tt l\u00e4sa<span class=\"screen-reader-text\"> \u201dMagstarkt?\u201d<\/span><\/a><\/p>\n","protected":false},"author":5,"featured_media":0,"comment_status":"open","ping_status":"open","sticky":false,"template":"","format":"standard","meta":{"ngg_post_thumbnail":0,"footnotes":""},"categories":[1],"tags":[],"class_list":["post-4418","post","type-post","status-publish","format-standard","hentry","category-diverse"],"aioseo_notices":[],"_links":{"self":[{"href":"http:\/\/www.galoppbilder.se\/blogg\/index.php?rest_route=\/wp\/v2\/posts\/4418","targetHints":{"allow":["GET"]}}],"collection":[{"href":"http:\/\/www.galoppbilder.se\/blogg\/index.php?rest_route=\/wp\/v2\/posts"}],"about":[{"href":"http:\/\/www.galoppbilder.se\/blogg\/index.php?rest_route=\/wp\/v2\/types\/post"}],"author":[{"embeddable":true,"href":"http:\/\/www.galoppbilder.se\/blogg\/index.php?rest_route=\/wp\/v2\/users\/5"}],"replies":[{"embeddable":true,"href":"http:\/\/www.galoppbilder.se\/blogg\/index.php?rest_route=%2Fwp%2Fv2%2Fcomments&post=4418"}],"version-history":[{"count":5,"href":"http:\/\/www.galoppbilder.se\/blogg\/index.php?rest_route=\/wp\/v2\/posts\/4418\/revisions"}],"predecessor-version":[{"id":4424,"href":"http:\/\/www.galoppbilder.se\/blogg\/index.php?rest_route=\/wp\/v2\/posts\/4418\/revisions\/4424"}],"wp:attachment":[{"href":"http:\/\/www.galoppbilder.se\/blogg\/index.php?rest_route=%2Fwp%2Fv2%2Fmedia&parent=4418"}],"wp:term":[{"taxonomy":"category","embeddable":true,"href":"http:\/\/www.galoppbilder.se\/blogg\/index.php?rest_route=%2Fwp%2Fv2%2Fcategories&post=4418"},{"taxonomy":"post_tag","embeddable":true,"href":"http:\/\/www.galoppbilder.se\/blogg\/index.php?rest_route=%2Fwp%2Fv2%2Ftags&post=4418"}],"curies":[{"name":"wp","href":"https:\/\/api.w.org\/{rel}","templated":true}]}}