{"id":4501,"date":"2010-07-25T01:39:50","date_gmt":"2010-07-24T23:39:50","guid":{"rendered":"http:\/\/www.galoppbilder.se\/blogg\/?p=4501"},"modified":"2010-07-25T07:15:06","modified_gmt":"2010-07-25T05:15:06","slug":"mellan-tva-arbetsdagar","status":"publish","type":"post","link":"http:\/\/www.galoppbilder.se\/blogg\/?p=4501","title":{"rendered":"Mellan tv\u00e5 arbetsdagar"},"content":{"rendered":"<p>Oj, timmen hann bli v\u00e4ldigt sen innan jag fick ut referatet och bilderna p\u00e5 svenskgalopp.se. Det kan l\u00e5ta konstigt, men bilderna tar n\u00e4stan l\u00e4ngre tid att fixa till \u00e4n texten. Nu \u00e4r jag s\u00e5 tr\u00f6tt att jag knappt kan h\u00e5lla \u00f6gonlocken uppe. Det l\u00e4r dessv\u00e4rre inte bli m\u00e5nga timmars s\u00f6mn den h\u00e4r natten. Har ytterligare en del material som m\u00e5ste mejlas ut imorgon bitti innan jag s\u00e4tter mig i bilen och drar upp till G\u00f6teborg. F\u00e5r nog s\u00e4tta klockan p\u00e5 06.30.<\/p>\n<p>Annars var det v\u00e4l en hygglig Oakskv\u00e4ll p\u00e5 J\u00e4gersro. Lite kall kanske, nu n\u00e4r man har b\u00f6rjat acklimatisera sig till tropikv\u00e4rmen. Ganska glest p\u00e5 publikplats dessutom. Men V65-oms\u00e4ttningen var n\u00e5got upp j\u00e4mf\u00f6rt med f\u00f6rra veckan och det k\u00e4nns bra. Kan inte heller p\u00e5st\u00e5 att min fotografering var plusbetonad den h\u00e4r kv\u00e4llen. Men n\u00e5gra halvbra bilder blev det trots allt.<\/p>\n<p>Tr\u00e4ffade f\u00f6rresten Fredrik Johansson p\u00e5 banan. Han hade ridit Sir Lando tidigare idag. Nu \u00e5terst\u00e5r det bara att se om Fredde sitter p\u00e5 h\u00e4sten i Svenskt Derby den 8 augusti. Vi h\u00e5ller s\u00e5 klart tummarna.<\/p>\n<p>Nu h\u00f6g tid f\u00f6r s\u00e4ngen!<\/p>\n","protected":false},"excerpt":{"rendered":"<p>Oj, timmen hann bli v\u00e4ldigt sen innan jag fick ut referatet och bilderna p\u00e5 svenskgalopp.se. Det kan l\u00e5ta konstigt, men bilderna tar n\u00e4stan l\u00e4ngre tid att fixa till \u00e4n texten. Nu \u00e4r jag s\u00e5 tr\u00f6tt att jag knappt kan h\u00e5lla \u00f6gonlocken uppe. Det l\u00e4r dessv\u00e4rre inte bli m\u00e5nga timmars s\u00f6mn den h\u00e4r natten. Har ytterligare &hellip; <a href=\"http:\/\/www.galoppbilder.se\/blogg\/?p=4501\" class=\"more-link\">Forts\u00e4tt l\u00e4sa<span class=\"screen-reader-text\"> \u201dMellan tv\u00e5 arbetsdagar\u201d<\/span><\/a><\/p>\n","protected":false},"author":5,"featured_media":0,"comment_status":"open","ping_status":"open","sticky":false,"template":"","format":"standard","meta":{"ngg_post_thumbnail":0,"footnotes":""},"categories":[1,5],"tags":[35,31],"class_list":["post-4501","post","type-post","status-publish","format-standard","hentry","category-diverse","category-smatt-och-gott","tag-arbetsdagen","tag-jagersro"],"aioseo_notices":[],"_links":{"self":[{"href":"http:\/\/www.galoppbilder.se\/blogg\/index.php?rest_route=\/wp\/v2\/posts\/4501","targetHints":{"allow":["GET"]}}],"collection":[{"href":"http:\/\/www.galoppbilder.se\/blogg\/index.php?rest_route=\/wp\/v2\/posts"}],"about":[{"href":"http:\/\/www.galoppbilder.se\/blogg\/index.php?rest_route=\/wp\/v2\/types\/post"}],"author":[{"embeddable":true,"href":"http:\/\/www.galoppbilder.se\/blogg\/index.php?rest_route=\/wp\/v2\/users\/5"}],"replies":[{"embeddable":true,"href":"http:\/\/www.galoppbilder.se\/blogg\/index.php?rest_route=%2Fwp%2Fv2%2Fcomments&post=4501"}],"version-history":[{"count":5,"href":"http:\/\/www.galoppbilder.se\/blogg\/index.php?rest_route=\/wp\/v2\/posts\/4501\/revisions"}],"predecessor-version":[{"id":4506,"href":"http:\/\/www.galoppbilder.se\/blogg\/index.php?rest_route=\/wp\/v2\/posts\/4501\/revisions\/4506"}],"wp:attachment":[{"href":"http:\/\/www.galoppbilder.se\/blogg\/index.php?rest_route=%2Fwp%2Fv2%2Fmedia&parent=4501"}],"wp:term":[{"taxonomy":"category","embeddable":true,"href":"http:\/\/www.galoppbilder.se\/blogg\/index.php?rest_route=%2Fwp%2Fv2%2Fcategories&post=4501"},{"taxonomy":"post_tag","embeddable":true,"href":"http:\/\/www.galoppbilder.se\/blogg\/index.php?rest_route=%2Fwp%2Fv2%2Ftags&post=4501"}],"curies":[{"name":"wp","href":"https:\/\/api.w.org\/{rel}","templated":true}]}}