{"id":4507,"date":"2010-07-25T21:25:05","date_gmt":"2010-07-25T19:25:05","guid":{"rendered":"http:\/\/www.galoppbilder.se\/blogg\/?p=4507"},"modified":"2010-07-25T21:25:05","modified_gmt":"2010-07-25T19:25:05","slug":"arets-samsta-bild","status":"publish","type":"post","link":"http:\/\/www.galoppbilder.se\/blogg\/?p=4507","title":{"rendered":"\u00c5rets s\u00e4msta bild"},"content":{"rendered":"<p style=\"text-align: left;\"><img loading=\"lazy\" decoding=\"async\" class=\"aligncenter size-full wp-image-4508\" title=\"\u00c5rets S\u00e4msta\" src=\"http:\/\/www.galoppbilder.se\/blogg\/wp-content\/uploads\/2010\/07\/aretssamsta2392.jpg\" alt=\"\" width=\"600\" height=\"399\" srcset=\"http:\/\/www.galoppbilder.se\/blogg\/wp-content\/uploads\/2010\/07\/aretssamsta2392.jpg 600w, http:\/\/www.galoppbilder.se\/blogg\/wp-content\/uploads\/2010\/07\/aretssamsta2392-300x199.jpg 300w\" sizes=\"auto, (max-width: 709px) 85vw, (max-width: 909px) 67vw, (max-width: 984px) 61vw, (max-width: 1362px) 45vw, 600px\" \/>Den h\u00e4r rutan fr\u00e5n G\u00f6teborg Galopp tidigare idag \u00e4r onekligen en stark kandidat till titeln &#8221;\u00c5rets S\u00e4msta Bild&#8221;.<\/p>\n<p style=\"text-align: left;\">S\u00e5, vad h\u00e4nde undrar ni kanske? Jo, kapuschongen p\u00e5 min regnjacka gled ner framf\u00f6r \u00f6gonen&#8230; \ud83d\ude42<\/p>\n","protected":false},"excerpt":{"rendered":"<p>Den h\u00e4r rutan fr\u00e5n G\u00f6teborg Galopp tidigare idag \u00e4r onekligen en stark kandidat till titeln &#8221;\u00c5rets S\u00e4msta Bild&#8221;. S\u00e5, vad h\u00e4nde undrar ni kanske? Jo, kapuschongen p\u00e5 min regnjacka gled ner framf\u00f6r \u00f6gonen&#8230; \ud83d\ude42<\/p>\n","protected":false},"author":5,"featured_media":0,"comment_status":"open","ping_status":"open","sticky":false,"template":"","format":"standard","meta":{"ngg_post_thumbnail":0,"footnotes":""},"categories":[3,5],"tags":[],"class_list":["post-4507","post","type-post","status-publish","format-standard","hentry","category-foto","category-smatt-och-gott"],"aioseo_notices":[],"_links":{"self":[{"href":"http:\/\/www.galoppbilder.se\/blogg\/index.php?rest_route=\/wp\/v2\/posts\/4507","targetHints":{"allow":["GET"]}}],"collection":[{"href":"http:\/\/www.galoppbilder.se\/blogg\/index.php?rest_route=\/wp\/v2\/posts"}],"about":[{"href":"http:\/\/www.galoppbilder.se\/blogg\/index.php?rest_route=\/wp\/v2\/types\/post"}],"author":[{"embeddable":true,"href":"http:\/\/www.galoppbilder.se\/blogg\/index.php?rest_route=\/wp\/v2\/users\/5"}],"replies":[{"embeddable":true,"href":"http:\/\/www.galoppbilder.se\/blogg\/index.php?rest_route=%2Fwp%2Fv2%2Fcomments&post=4507"}],"version-history":[{"count":2,"href":"http:\/\/www.galoppbilder.se\/blogg\/index.php?rest_route=\/wp\/v2\/posts\/4507\/revisions"}],"predecessor-version":[{"id":4510,"href":"http:\/\/www.galoppbilder.se\/blogg\/index.php?rest_route=\/wp\/v2\/posts\/4507\/revisions\/4510"}],"wp:attachment":[{"href":"http:\/\/www.galoppbilder.se\/blogg\/index.php?rest_route=%2Fwp%2Fv2%2Fmedia&parent=4507"}],"wp:term":[{"taxonomy":"category","embeddable":true,"href":"http:\/\/www.galoppbilder.se\/blogg\/index.php?rest_route=%2Fwp%2Fv2%2Fcategories&post=4507"},{"taxonomy":"post_tag","embeddable":true,"href":"http:\/\/www.galoppbilder.se\/blogg\/index.php?rest_route=%2Fwp%2Fv2%2Ftags&post=4507"}],"curies":[{"name":"wp","href":"https:\/\/api.w.org\/{rel}","templated":true}]}}