{"id":5582,"date":"2011-04-19T13:11:17","date_gmt":"2011-04-19T11:11:17","guid":{"rendered":"http:\/\/www.galoppbilder.se\/blogg\/?p=5582"},"modified":"2011-04-19T13:18:00","modified_gmt":"2011-04-19T11:18:00","slug":"sibenik-moter-aghostatgodsplace-och-imanuel","status":"publish","type":"post","link":"http:\/\/www.galoppbilder.se\/blogg\/?p=5582","title":{"rendered":"Sibenik m\u00f6ter Aghostatgodsplace och Imanuel"},"content":{"rendered":"<p><strong><img loading=\"lazy\" decoding=\"async\" class=\"alignright\" src=\"http:\/\/svenskgalopp.smugmug.com\/Diverse\/Riksgalopp\/sibenik-6836\/1253599117_Gs6Bs5J-S.jpg\" alt=\"\" width=\"236\" height=\"218\" \/>Idag \u00e4r det verkligen full rulle p\u00e5 jobbet. Med anledning av p\u00e5skhelgen har vi en tidigarelagd startanm\u00e4lan till n\u00e4sta onsdag och programmet m\u00e5ste vara klart redan ikv\u00e4ll. Sedan \u00e4r det som bekant luncht\u00e4vlingar p\u00e5 T\u00e4by i morgon. <\/strong><\/p>\n<p>Tre\u00e5rsl\u00f6pningen \u00f6ver 1600 meter n\u00e4sta onsdag (lopp 2\/V4-2) blir en riktigt h\u00f6jdare. Riksh\u00e4sten <strong>Sibenik <\/strong>g\u00f6r sin f\u00f6rsta start i Stall Pegasos r\u00f6da f\u00e4rger.<\/p>\n<p>Uppgiften ser inte helt enkel ut. Fredrik Reuterski\u00f6ld sadlar ut fjol\u00e5rets Malm\u00f6 Stads Pris-vinnare <strong>Aghostatgodsplace <\/strong>och Caroline Malmborg startar sitt klassiska l\u00f6fte <strong>Imanuel<\/strong>.<\/p>\n","protected":false},"excerpt":{"rendered":"<p>Idag \u00e4r det verkligen full rulle p\u00e5 jobbet. Med anledning av p\u00e5skhelgen har vi en tidigarelagd startanm\u00e4lan till n\u00e4sta onsdag och programmet m\u00e5ste vara klart redan ikv\u00e4ll. Sedan \u00e4r det som bekant luncht\u00e4vlingar p\u00e5 T\u00e4by i morgon. Tre\u00e5rsl\u00f6pningen \u00f6ver 1600 meter n\u00e4sta onsdag (lopp 2\/V4-2) blir en riktigt h\u00f6jdare. Riksh\u00e4sten Sibenik g\u00f6r sin f\u00f6rsta start &hellip; <a href=\"http:\/\/www.galoppbilder.se\/blogg\/?p=5582\" class=\"more-link\">Forts\u00e4tt l\u00e4sa<span class=\"screen-reader-text\"> \u201dSibenik m\u00f6ter Aghostatgodsplace och Imanuel\u201d<\/span><\/a><\/p>\n","protected":false},"author":5,"featured_media":0,"comment_status":"open","ping_status":"open","sticky":false,"template":"","format":"standard","meta":{"ngg_post_thumbnail":0,"footnotes":""},"categories":[5,8],"tags":[35,98,15],"class_list":["post-5582","post","type-post","status-publish","format-standard","hentry","category-smatt-och-gott","category-vardagsgalopp","tag-arbetsdagen","tag-riksgaloppen","tag-taby"],"aioseo_notices":[],"_links":{"self":[{"href":"http:\/\/www.galoppbilder.se\/blogg\/index.php?rest_route=\/wp\/v2\/posts\/5582","targetHints":{"allow":["GET"]}}],"collection":[{"href":"http:\/\/www.galoppbilder.se\/blogg\/index.php?rest_route=\/wp\/v2\/posts"}],"about":[{"href":"http:\/\/www.galoppbilder.se\/blogg\/index.php?rest_route=\/wp\/v2\/types\/post"}],"author":[{"embeddable":true,"href":"http:\/\/www.galoppbilder.se\/blogg\/index.php?rest_route=\/wp\/v2\/users\/5"}],"replies":[{"embeddable":true,"href":"http:\/\/www.galoppbilder.se\/blogg\/index.php?rest_route=%2Fwp%2Fv2%2Fcomments&post=5582"}],"version-history":[{"count":5,"href":"http:\/\/www.galoppbilder.se\/blogg\/index.php?rest_route=\/wp\/v2\/posts\/5582\/revisions"}],"predecessor-version":[{"id":5587,"href":"http:\/\/www.galoppbilder.se\/blogg\/index.php?rest_route=\/wp\/v2\/posts\/5582\/revisions\/5587"}],"wp:attachment":[{"href":"http:\/\/www.galoppbilder.se\/blogg\/index.php?rest_route=%2Fwp%2Fv2%2Fmedia&parent=5582"}],"wp:term":[{"taxonomy":"category","embeddable":true,"href":"http:\/\/www.galoppbilder.se\/blogg\/index.php?rest_route=%2Fwp%2Fv2%2Fcategories&post=5582"},{"taxonomy":"post_tag","embeddable":true,"href":"http:\/\/www.galoppbilder.se\/blogg\/index.php?rest_route=%2Fwp%2Fv2%2Ftags&post=5582"}],"curies":[{"name":"wp","href":"https:\/\/api.w.org\/{rel}","templated":true}]}}