{"id":5788,"date":"2011-07-12T16:16:57","date_gmt":"2011-07-12T14:16:57","guid":{"rendered":"http:\/\/www.galoppbilder.se\/blogg\/?p=5788"},"modified":"2011-07-12T16:24:34","modified_gmt":"2011-07-12T14:24:34","slug":"tre-amigos","status":"publish","type":"post","link":"http:\/\/www.galoppbilder.se\/blogg\/?p=5788","title":{"rendered":"Tre amigos"},"content":{"rendered":"<p><img loading=\"lazy\" decoding=\"async\" class=\"size-full wp-image-5789 alignnone\" title=\"3amigos5073\" src=\"http:\/\/www.galoppbilder.se\/blogg\/wp-content\/uploads\/2011\/07\/3amigos5073.jpg\" alt=\"\" width=\"600\" height=\"480\" srcset=\"http:\/\/www.galoppbilder.se\/blogg\/wp-content\/uploads\/2011\/07\/3amigos5073.jpg 600w, http:\/\/www.galoppbilder.se\/blogg\/wp-content\/uploads\/2011\/07\/3amigos5073-300x240.jpg 300w\" sizes=\"auto, (max-width: 709px) 85vw, (max-width: 909px) 67vw, (max-width: 984px) 61vw, (max-width: 1362px) 45vw, 600px\" \/><br \/>\nEn &#8221;spontanbild&#8221; fr\u00e5n m\u00e5ndagen: Marc, Elione och Rafael laddar upp inf\u00f6r n\u00e4sta race. Ser riktigt hemtrevligt ut.<\/p>\n","protected":false},"excerpt":{"rendered":"<p>En &#8221;spontanbild&#8221; fr\u00e5n m\u00e5ndagen: Marc, Elione och Rafael laddar upp inf\u00f6r n\u00e4sta race. Ser riktigt hemtrevligt ut.<\/p>\n","protected":false},"author":5,"featured_media":0,"comment_status":"open","ping_status":"open","sticky":false,"template":"","format":"standard","meta":{"ngg_post_thumbnail":0,"footnotes":""},"categories":[3],"tags":[30],"class_list":["post-5788","post","type-post","status-publish","format-standard","hentry","category-foto","tag-jockeys"],"aioseo_notices":[],"_links":{"self":[{"href":"http:\/\/www.galoppbilder.se\/blogg\/index.php?rest_route=\/wp\/v2\/posts\/5788","targetHints":{"allow":["GET"]}}],"collection":[{"href":"http:\/\/www.galoppbilder.se\/blogg\/index.php?rest_route=\/wp\/v2\/posts"}],"about":[{"href":"http:\/\/www.galoppbilder.se\/blogg\/index.php?rest_route=\/wp\/v2\/types\/post"}],"author":[{"embeddable":true,"href":"http:\/\/www.galoppbilder.se\/blogg\/index.php?rest_route=\/wp\/v2\/users\/5"}],"replies":[{"embeddable":true,"href":"http:\/\/www.galoppbilder.se\/blogg\/index.php?rest_route=%2Fwp%2Fv2%2Fcomments&post=5788"}],"version-history":[{"count":3,"href":"http:\/\/www.galoppbilder.se\/blogg\/index.php?rest_route=\/wp\/v2\/posts\/5788\/revisions"}],"predecessor-version":[{"id":5792,"href":"http:\/\/www.galoppbilder.se\/blogg\/index.php?rest_route=\/wp\/v2\/posts\/5788\/revisions\/5792"}],"wp:attachment":[{"href":"http:\/\/www.galoppbilder.se\/blogg\/index.php?rest_route=%2Fwp%2Fv2%2Fmedia&parent=5788"}],"wp:term":[{"taxonomy":"category","embeddable":true,"href":"http:\/\/www.galoppbilder.se\/blogg\/index.php?rest_route=%2Fwp%2Fv2%2Fcategories&post=5788"},{"taxonomy":"post_tag","embeddable":true,"href":"http:\/\/www.galoppbilder.se\/blogg\/index.php?rest_route=%2Fwp%2Fv2%2Ftags&post=5788"}],"curies":[{"name":"wp","href":"https:\/\/api.w.org\/{rel}","templated":true}]}}