{"id":5799,"date":"2011-07-12T21:21:26","date_gmt":"2011-07-12T19:21:26","guid":{"rendered":"http:\/\/www.galoppbilder.se\/blogg\/?p=5799"},"modified":"2011-07-12T22:12:19","modified_gmt":"2011-07-12T20:12:19","slug":"handelserika-galoppdagar","status":"publish","type":"post","link":"http:\/\/www.galoppbilder.se\/blogg\/?p=5799","title":{"rendered":"H\u00e4ndelserika galoppdagar"},"content":{"rendered":"<p><strong>Jag beh\u00f6ver antagligen inte ber\u00e4tta f\u00f6r n\u00e5gon att de senaste dagarna har varit intensiva. Tre t\u00e4vlingsdagar p\u00e5 raken, dessutom i olika delar av landet \u00e4r ingen lek. <\/strong><\/p>\n<p><img loading=\"lazy\" decoding=\"async\" class=\"alignnone\" src=\"http:\/\/svenskgalopp.smugmug.com\/Tvlingsdagar\/Taby-110711\/i-HHNh4cj\/0\/M\/Kurva-6875-M.jpg\" alt=\"\" width=\"600\" height=\"405\" \/><\/p>\n<p>Samtidigt m\u00e5ste jag erk\u00e4nna att det har varit b\u00e5de roligt och inspirerande. F\u00f6r \u00e4ven om det \u00e4r slitsamt \u00e4r det \u00e4nd\u00e5 den klart b\u00e4sta biten av mitt arbete. Att f\u00e5 komma ut och uppleva pulsen under t\u00e4vlingsdagarna. Och f\u00e5nga de vackra h\u00e4starna p\u00e5 bild. De l\u00e5nga resorna har jag inte heller s\u00e5 mycket emot. Jag trivs med att vara r\u00f6relse.<\/p>\n<p>Betydligt jobbigare \u00e4r i s\u00e5 fall de m\u00e5nga, l\u00e5nga och ganska ensamma timmarna framf\u00f6r datorsk\u00e4rmen. Men \u00e4ven det \u00e4r en viktig del av mitt jobb och n\u00e5got jag l\u00e4rt mig att hantera.<\/p>\n<p><strong>Hur som helst, h\u00e4r kommer en liten snabbsummering av de senaste dagarna. <\/strong><\/p>\n<p><strong>L\u00f6rdag:<\/strong> Hoppade p\u00e5 t\u00e5get p\u00e5 Lunds Central kl 07.30 och var framme p\u00e5 ett stekande hett T\u00e4by Galopp strax efter lunch. Och det blev inte mycket svalare fram\u00e5t kv\u00e4llen. Bortsett fr\u00e5n en liten f\u00f6rsening efter en tr\u00e5kig startboxolycka p\u00e5 Klampenborg fungerade saxningen mellan banorna f\u00f6rh\u00e5llandevis bra. Med hela 30 minuter mellan loppen fick jag dessutom tid skriva, Twittra och redigera bilder under t\u00e4vlingsdagens g\u00e5ng. Sedan kan man s\u00e5 klart diskutera om det \u00e4r r\u00e4tt att l\u00e5ta sj\u00e4lva saxningen f\u00e5 s\u00e5 mycket utrymme av arrangemanget p\u00e5 banan. Det \u00e4r n\u00e5got vi m\u00e5ste utv\u00e4rdera. D\u00e4remot \u00e4r jag ganska s\u00e4ker p\u00e5 att det blir fler saxade galoppdagar i Skandinavien fram\u00f6ver. Kanske i en n\u00e5got annorlunda form.<\/p>\n<p>T\u00e4vlingarna var slut vid tiotiden. Calle Ekander var v\u00e4nlig och gav mig skjuts in till Hotell Karlaplan d\u00e4r jag bor under juli m\u00e5nad (T\u00e4by Park har n\u00e4mligen semesterst\u00e4ngt). Satt nog uppe till kl 2 och jobbade. Somnade sedan gott trots v\u00e4rmen.<\/p>\n<p><strong><img loading=\"lazy\" decoding=\"async\" class=\"alignright\" style=\"margin: 2px; border: 0pt none;\" src=\"http:\/\/svenskgalopp.smugmug.com\/Tvlingsdagar\/Goteborg-110710\/i-Pw78TGr\/0\/S\/Lopp-3-6416-S.jpg\" alt=\"\" width=\"290\" height=\"197\" \/>S\u00f6ndag:<\/strong> V\u00e4ckarklockan ringde halv sju. N\u00e5got yrvaken letade jag mig ner till tunnelbanan vid Karlaplan f\u00f6r att hinna med f\u00f6rsta t\u00e5get mot G\u00f6teborg kl 08.10. Resan fungerade klockrent och jag var p\u00e5 plats p\u00e5 banan en dryg timme f\u00f6re f\u00f6rsta start. Sedan rullade t\u00e4vlingarna p\u00e5 riktigt fint utan n\u00e5gra st\u00f6rre incidenter. Dessutom var det inte lika varmt som i Stockholm och banan var n\u00e5got mjukare j\u00e4mf\u00f6rt med \u00e5rets tidigare t\u00e4vlingsdagar.<\/p>\n<p>P\u00e5 kv\u00e4llskvisten var det bara att hoppa p\u00e5 t\u00e5get mot Stockholm igen. Var framme i huvudstaden vid 22-tiden. Tog en liten kv\u00e4llspromenad runt \u00d6stermalm innan jag somnade gott.<\/p>\n<p><strong>M\u00e5ndag:<\/strong> Gav mig sj\u00e4lv en v\u00e4lbeh\u00f6vlig sovmorgon och tog Roslagsbanan ut till T\u00e4by sent p\u00e5 f\u00f6rmiddagen. Sedan var det bara att b\u00f6rja ladda upp inf\u00f6r kv\u00e4llens race.<\/p>\n<p>Jag tror att n\u00e4stan alla \u00e4r eniga om att m\u00e5ndagskv\u00e4llen var en n\u00e4rmast perfekt t\u00e4vlingsdag. Utm\u00e4rkt sommarv\u00e4der, fin sport, bra spel, en relativt stor och engagerad publik. Och framf\u00f6r allt, en t\u00e4vlingsdag med galoppsporten i centrum. Ett perfekt exempel p\u00e5 att det g\u00e5r att f\u00e5 till bra t\u00e4vlingsdagar utan en massa underliga kringarrangemang.<\/p>\n<p><img loading=\"lazy\" decoding=\"async\" class=\"alignright\" style=\"border: 0pt none; margin: 2px;\" src=\"http:\/\/svenskgalopp.smugmug.com\/Tvlingsdagar\/Taby-110711\/i-TC3bXrd\/0\/S\/Dingle-View-5096-S.jpg\" alt=\"\" width=\"294\" height=\"289\" \/>Bland prestationerna p\u00e5 banan fastnade jag fr\u00e4mst f\u00f6r stona Dingle View och Golden Memory. I storloppen var vi v\u00e4ldigt gener\u00f6sa och delade ut en betydande del av priskakorna till Norge och Danmark. Tillf\u00e4llighet eller trendbrott? Jag tror p\u00e5 det f\u00f6rstn\u00e4mnda.<\/p>\n<p>Nadja hj\u00e4lpte till att skriva referatet vilket gav mig mer tid att springa runt och fotografera. Det underl\u00e4ttar verkligen \u2013 framf\u00f6r allt under stordagarna. Dessutom fick jag det tunga ansvaret att utse b\u00e4st gjorda h\u00e4st i det tre storloppen. Det ni!<\/p>\n<p>Klockan 23 var jag tillbaka p\u00e5 hotellet och jobbade fram till 02.30 innan jag st\u00f6rtade i s\u00e4ng.<\/p>\n<p><strong>Tisdag:<\/strong> N\u00e5got tungt att stiga upp men jag var \u00e4nd\u00e5 ute p\u00e5 T\u00e4by Galopp vid halvtiosn\u00e5ret. Jobbade p\u00e5 sekretariatet fram till kl 13 innan jag hoppade p\u00e5 X2000 mot Sk\u00e5ne. Slumrade nog till genom Sm\u00e5land.<\/p>\n<p>Och nu sitter jag hemma i Lund och laddar upp inf\u00f6r morgondagens lunchrace p\u00e5 J\u00e4gersro. Det blir naturligtvis sp\u00e4nnande. Vi ses d\u00e4r!<\/p>\n","protected":false},"excerpt":{"rendered":"<p>Jag beh\u00f6ver antagligen inte ber\u00e4tta f\u00f6r n\u00e5gon att de senaste dagarna har varit intensiva. Tre t\u00e4vlingsdagar p\u00e5 raken, dessutom i olika delar av landet \u00e4r ingen lek. Samtidigt m\u00e5ste jag erk\u00e4nna att det har varit b\u00e5de roligt och inspirerande. F\u00f6r \u00e4ven om det \u00e4r slitsamt \u00e4r det \u00e4nd\u00e5 den klart b\u00e4sta biten av mitt arbete. &hellip; <a href=\"http:\/\/www.galoppbilder.se\/blogg\/?p=5799\" class=\"more-link\">Forts\u00e4tt l\u00e4sa<span class=\"screen-reader-text\"> \u201dH\u00e4ndelserika galoppdagar\u201d<\/span><\/a><\/p>\n","protected":false},"author":5,"featured_media":0,"comment_status":"open","ping_status":"open","sticky":false,"template":"","format":"standard","meta":{"ngg_post_thumbnail":0,"footnotes":""},"categories":[1,7,8],"tags":[35,70,15],"class_list":["post-5799","post","type-post","status-publish","format-standard","hentry","category-diverse","category-storlopp","category-vardagsgalopp","tag-arbetsdagen","tag-goteborg","tag-taby"],"aioseo_notices":[],"_links":{"self":[{"href":"http:\/\/www.galoppbilder.se\/blogg\/index.php?rest_route=\/wp\/v2\/posts\/5799","targetHints":{"allow":["GET"]}}],"collection":[{"href":"http:\/\/www.galoppbilder.se\/blogg\/index.php?rest_route=\/wp\/v2\/posts"}],"about":[{"href":"http:\/\/www.galoppbilder.se\/blogg\/index.php?rest_route=\/wp\/v2\/types\/post"}],"author":[{"embeddable":true,"href":"http:\/\/www.galoppbilder.se\/blogg\/index.php?rest_route=\/wp\/v2\/users\/5"}],"replies":[{"embeddable":true,"href":"http:\/\/www.galoppbilder.se\/blogg\/index.php?rest_route=%2Fwp%2Fv2%2Fcomments&post=5799"}],"version-history":[{"count":5,"href":"http:\/\/www.galoppbilder.se\/blogg\/index.php?rest_route=\/wp\/v2\/posts\/5799\/revisions"}],"predecessor-version":[{"id":5801,"href":"http:\/\/www.galoppbilder.se\/blogg\/index.php?rest_route=\/wp\/v2\/posts\/5799\/revisions\/5801"}],"wp:attachment":[{"href":"http:\/\/www.galoppbilder.se\/blogg\/index.php?rest_route=%2Fwp%2Fv2%2Fmedia&parent=5799"}],"wp:term":[{"taxonomy":"category","embeddable":true,"href":"http:\/\/www.galoppbilder.se\/blogg\/index.php?rest_route=%2Fwp%2Fv2%2Fcategories&post=5799"},{"taxonomy":"post_tag","embeddable":true,"href":"http:\/\/www.galoppbilder.se\/blogg\/index.php?rest_route=%2Fwp%2Fv2%2Ftags&post=5799"}],"curies":[{"name":"wp","href":"https:\/\/api.w.org\/{rel}","templated":true}]}}