{"id":5902,"date":"2011-08-04T22:19:42","date_gmt":"2011-08-04T20:19:42","guid":{"rendered":"http:\/\/www.galoppbilder.se\/blogg\/?p=5902"},"modified":"2011-08-04T22:19:42","modified_gmt":"2011-08-04T20:19:42","slug":"forsta-parkett","status":"publish","type":"post","link":"http:\/\/www.galoppbilder.se\/blogg\/?p=5902","title":{"rendered":"F\u00f6rsta parkett"},"content":{"rendered":"<p><img loading=\"lazy\" decoding=\"async\" class=\"alignnone size-full wp-image-5903\" title=\"forstaparkett8474\" src=\"http:\/\/www.galoppbilder.se\/blogg\/wp-content\/uploads\/2011\/08\/forstaparkett8474.jpg\" alt=\"\" width=\"600\" height=\"432\" srcset=\"http:\/\/www.galoppbilder.se\/blogg\/wp-content\/uploads\/2011\/08\/forstaparkett8474.jpg 600w, http:\/\/www.galoppbilder.se\/blogg\/wp-content\/uploads\/2011\/08\/forstaparkett8474-300x216.jpg 300w\" sizes=\"auto, (max-width: 709px) 85vw, (max-width: 909px) 67vw, (max-width: 984px) 61vw, (max-width: 1362px) 45vw, 600px\" \/><br \/>\nReflektioner i l\u00e4ktarf\u00f6nstren p\u00e5 T\u00e4by Galopp.<\/p>\n","protected":false},"excerpt":{"rendered":"<p>Reflektioner i l\u00e4ktarf\u00f6nstren p\u00e5 T\u00e4by Galopp.<\/p>\n","protected":false},"author":5,"featured_media":0,"comment_status":"open","ping_status":"open","sticky":false,"template":"","format":"standard","meta":{"ngg_post_thumbnail":0,"footnotes":""},"categories":[3],"tags":[15],"class_list":["post-5902","post","type-post","status-publish","format-standard","hentry","category-foto","tag-taby"],"aioseo_notices":[],"_links":{"self":[{"href":"http:\/\/www.galoppbilder.se\/blogg\/index.php?rest_route=\/wp\/v2\/posts\/5902","targetHints":{"allow":["GET"]}}],"collection":[{"href":"http:\/\/www.galoppbilder.se\/blogg\/index.php?rest_route=\/wp\/v2\/posts"}],"about":[{"href":"http:\/\/www.galoppbilder.se\/blogg\/index.php?rest_route=\/wp\/v2\/types\/post"}],"author":[{"embeddable":true,"href":"http:\/\/www.galoppbilder.se\/blogg\/index.php?rest_route=\/wp\/v2\/users\/5"}],"replies":[{"embeddable":true,"href":"http:\/\/www.galoppbilder.se\/blogg\/index.php?rest_route=%2Fwp%2Fv2%2Fcomments&post=5902"}],"version-history":[{"count":1,"href":"http:\/\/www.galoppbilder.se\/blogg\/index.php?rest_route=\/wp\/v2\/posts\/5902\/revisions"}],"predecessor-version":[{"id":5904,"href":"http:\/\/www.galoppbilder.se\/blogg\/index.php?rest_route=\/wp\/v2\/posts\/5902\/revisions\/5904"}],"wp:attachment":[{"href":"http:\/\/www.galoppbilder.se\/blogg\/index.php?rest_route=%2Fwp%2Fv2%2Fmedia&parent=5902"}],"wp:term":[{"taxonomy":"category","embeddable":true,"href":"http:\/\/www.galoppbilder.se\/blogg\/index.php?rest_route=%2Fwp%2Fv2%2Fcategories&post=5902"},{"taxonomy":"post_tag","embeddable":true,"href":"http:\/\/www.galoppbilder.se\/blogg\/index.php?rest_route=%2Fwp%2Fv2%2Ftags&post=5902"}],"curies":[{"name":"wp","href":"https:\/\/api.w.org\/{rel}","templated":true}]}}