{"id":5957,"date":"2011-08-22T19:46:10","date_gmt":"2011-08-22T17:46:10","guid":{"rendered":"http:\/\/www.galoppbilder.se\/blogg\/?p=5957"},"modified":"2011-08-22T19:46:10","modified_gmt":"2011-08-22T17:46:10","slug":"motljus","status":"publish","type":"post","link":"http:\/\/www.galoppbilder.se\/blogg\/?p=5957","title":{"rendered":"Motljus"},"content":{"rendered":"<p><img loading=\"lazy\" decoding=\"async\" class=\"alignnone size-full wp-image-5958\" title=\"motljus0953\" src=\"http:\/\/www.galoppbilder.se\/blogg\/wp-content\/uploads\/2011\/08\/motljus0953.jpg\" alt=\"\" width=\"600\" height=\"399\" srcset=\"http:\/\/www.galoppbilder.se\/blogg\/wp-content\/uploads\/2011\/08\/motljus0953.jpg 600w, http:\/\/www.galoppbilder.se\/blogg\/wp-content\/uploads\/2011\/08\/motljus0953-300x199.jpg 300w\" sizes=\"auto, (max-width: 709px) 85vw, (max-width: 909px) 67vw, (max-width: 984px) 61vw, (max-width: 1362px) 45vw, 600px\" \/><br \/>\nJag har alltid varit svag f\u00f6r motljusbilder. Fr\u00e5n G\u00f6teborg Galopp i l\u00f6rdags.<\/p>\n","protected":false},"excerpt":{"rendered":"<p>Jag har alltid varit svag f\u00f6r motljusbilder. Fr\u00e5n G\u00f6teborg Galopp i l\u00f6rdags.<\/p>\n","protected":false},"author":5,"featured_media":0,"comment_status":"open","ping_status":"open","sticky":false,"template":"","format":"standard","meta":{"ngg_post_thumbnail":0,"footnotes":""},"categories":[3],"tags":[70],"class_list":["post-5957","post","type-post","status-publish","format-standard","hentry","category-foto","tag-goteborg"],"aioseo_notices":[],"_links":{"self":[{"href":"http:\/\/www.galoppbilder.se\/blogg\/index.php?rest_route=\/wp\/v2\/posts\/5957","targetHints":{"allow":["GET"]}}],"collection":[{"href":"http:\/\/www.galoppbilder.se\/blogg\/index.php?rest_route=\/wp\/v2\/posts"}],"about":[{"href":"http:\/\/www.galoppbilder.se\/blogg\/index.php?rest_route=\/wp\/v2\/types\/post"}],"author":[{"embeddable":true,"href":"http:\/\/www.galoppbilder.se\/blogg\/index.php?rest_route=\/wp\/v2\/users\/5"}],"replies":[{"embeddable":true,"href":"http:\/\/www.galoppbilder.se\/blogg\/index.php?rest_route=%2Fwp%2Fv2%2Fcomments&post=5957"}],"version-history":[{"count":1,"href":"http:\/\/www.galoppbilder.se\/blogg\/index.php?rest_route=\/wp\/v2\/posts\/5957\/revisions"}],"predecessor-version":[{"id":5959,"href":"http:\/\/www.galoppbilder.se\/blogg\/index.php?rest_route=\/wp\/v2\/posts\/5957\/revisions\/5959"}],"wp:attachment":[{"href":"http:\/\/www.galoppbilder.se\/blogg\/index.php?rest_route=%2Fwp%2Fv2%2Fmedia&parent=5957"}],"wp:term":[{"taxonomy":"category","embeddable":true,"href":"http:\/\/www.galoppbilder.se\/blogg\/index.php?rest_route=%2Fwp%2Fv2%2Fcategories&post=5957"},{"taxonomy":"post_tag","embeddable":true,"href":"http:\/\/www.galoppbilder.se\/blogg\/index.php?rest_route=%2Fwp%2Fv2%2Ftags&post=5957"}],"curies":[{"name":"wp","href":"https:\/\/api.w.org\/{rel}","templated":true}]}}