{"id":5981,"date":"2011-09-09T22:52:56","date_gmt":"2011-09-09T20:52:56","guid":{"rendered":"http:\/\/www.galoppbilder.se\/blogg\/?p=5981"},"modified":"2011-09-09T22:54:56","modified_gmt":"2011-09-09T20:54:56","slug":"en-hektisk-vecka","status":"publish","type":"post","link":"http:\/\/www.galoppbilder.se\/blogg\/?p=5981","title":{"rendered":"En hektisk vecka"},"content":{"rendered":"<p><strong>N\u00e4r jag skrev min senaste bloggpost var det nio dagar kvar till Cup-dagen. Nu \u00e5terst\u00e5r det inte mer \u00e4n ett drygt dygn innan vi sl\u00e5r upp portarna f\u00f6r \u00e5rets st\u00f6rsta t\u00e4vlingsdag. <\/strong><\/p>\n<p><img loading=\"lazy\" decoding=\"async\" class=\"size-full wp-image-5982 alignnone\" title=\"Segert\u00e4cken\" src=\"http:\/\/www.galoppbilder.se\/blogg\/wp-content\/uploads\/2011\/09\/segertacken-53.jpg\" alt=\"\" width=\"600\" height=\"416\" srcset=\"http:\/\/www.galoppbilder.se\/blogg\/wp-content\/uploads\/2011\/09\/segertacken-53.jpg 600w, http:\/\/www.galoppbilder.se\/blogg\/wp-content\/uploads\/2011\/09\/segertacken-53-300x208.jpg 300w\" sizes=\"auto, (max-width: 709px) 85vw, (max-width: 909px) 67vw, (max-width: 984px) 61vw, (max-width: 1362px) 45vw, 600px\" \/><\/p>\n<p>Sedan startlistorna blev klara i m\u00e5ndags eftermiddag har jag haft en hel del att st\u00e5 i. L\u00e5ngt ifr\u00e5n allt arbete har handlat om s\u00f6ndagens t\u00e4vlingar. I onsdags red vi exempelvis nio lopp p\u00e5 J\u00e4gersro och i torsdags morse hade vi workshop tillsammans med webbyr\u00e5n S\u00f6derhavet, som ska hj\u00e4lpa oss att utveckla SGs nya sajt. I torsdags var det dessutom startanm\u00e4lan till n\u00e4sta veckas lunchgalopp.<\/p>\n<p>Ja, det h\u00e4nder st\u00e4ndigt nya saker i galoppens v\u00e4rld. Ibland har jag n\u00e4stan lite sv\u00e5rt att ta till mig och reflektera \u00f6ver allt som har intr\u00e4ffat och allt som kommer att h\u00e4nda.<\/p>\n<p>D\u00e4rf\u00f6r fick jag en sm\u00e4rre aha-upplevelse n\u00e4r jag tidigare idag slog upp det senaste numret av Galoppmagasinet och s\u00e5g det fyra sidor stora bildcollaget fr\u00e5n sommarens alla t\u00e4vlingsdagar. Det har onekligen galopperats en hel del i v\u00e5rt avl\u00e5nga land de senaste tv\u00e5 m\u00e5naderna. Och t\u00e4nk att jag faktiskt har varit p\u00e5 plats och upplevt samtliga lopp. Hur nu det gick till..?<\/p>\n<p>I sammanhanget vill jag naturligtvis rekommendera alla att skaffa det senaste numret av Galoppmagasinet. Ut\u00f6ver mina bilder f\u00e5r ni \u00e4ven en handfull sp\u00e4nnande reportage, bl a om Hans-Inge Larsen, Frankie Dettoris magnificent seven och v\u00e5r egen sportchef Nicholas Cordrey.<\/p>\n<p>Dessutom inneh\u00e5ller magasinet ett uppslag med \u201dh\u00e4stens prylar\u201d. Utrustningsbilder som Jossan, Emilie och framf\u00f6r allt tre\u00e5riga Asfurah\u2019s Image hj\u00e4lpte mig med p\u00e5 T\u00e4bys stallbacke f\u00f6r n\u00e5gra veckor sedan.<\/p>\n<p>Sedan vill jag g\u00e4rna avsluta den h\u00e4r bloggposten med att ber\u00e4tta att jag \u00e4r v\u00e4ldigt glad och stolt \u00f6ver alla mina kollegor i Svensk Galopp. Alla har jobbat stenh\u00e5rt f\u00f6r att s\u00f6ndagens galoppfest ska bli s\u00e5 fin och trevlig som det bara g\u00e5r. Jag vet dessutom att n\u00e5gra kommer att forts\u00e4tta slita in i det sista.<\/p>\n","protected":false},"excerpt":{"rendered":"<p>N\u00e4r jag skrev min senaste bloggpost var det nio dagar kvar till Cup-dagen. Nu \u00e5terst\u00e5r det inte mer \u00e4n ett drygt dygn innan vi sl\u00e5r upp portarna f\u00f6r \u00e5rets st\u00f6rsta t\u00e4vlingsdag. Sedan startlistorna blev klara i m\u00e5ndags eftermiddag har jag haft en hel del att st\u00e5 i. L\u00e5ngt ifr\u00e5n allt arbete har handlat om s\u00f6ndagens &hellip; <a href=\"http:\/\/www.galoppbilder.se\/blogg\/?p=5981\" class=\"more-link\">Forts\u00e4tt l\u00e4sa<span class=\"screen-reader-text\"> \u201dEn hektisk vecka\u201d<\/span><\/a><\/p>\n","protected":false},"author":5,"featured_media":0,"comment_status":"open","ping_status":"open","sticky":false,"template":"","format":"standard","meta":{"ngg_post_thumbnail":0,"footnotes":""},"categories":[5],"tags":[35],"class_list":["post-5981","post","type-post","status-publish","format-standard","hentry","category-smatt-och-gott","tag-arbetsdagen"],"aioseo_notices":[],"_links":{"self":[{"href":"http:\/\/www.galoppbilder.se\/blogg\/index.php?rest_route=\/wp\/v2\/posts\/5981","targetHints":{"allow":["GET"]}}],"collection":[{"href":"http:\/\/www.galoppbilder.se\/blogg\/index.php?rest_route=\/wp\/v2\/posts"}],"about":[{"href":"http:\/\/www.galoppbilder.se\/blogg\/index.php?rest_route=\/wp\/v2\/types\/post"}],"author":[{"embeddable":true,"href":"http:\/\/www.galoppbilder.se\/blogg\/index.php?rest_route=\/wp\/v2\/users\/5"}],"replies":[{"embeddable":true,"href":"http:\/\/www.galoppbilder.se\/blogg\/index.php?rest_route=%2Fwp%2Fv2%2Fcomments&post=5981"}],"version-history":[{"count":3,"href":"http:\/\/www.galoppbilder.se\/blogg\/index.php?rest_route=\/wp\/v2\/posts\/5981\/revisions"}],"predecessor-version":[{"id":5985,"href":"http:\/\/www.galoppbilder.se\/blogg\/index.php?rest_route=\/wp\/v2\/posts\/5981\/revisions\/5985"}],"wp:attachment":[{"href":"http:\/\/www.galoppbilder.se\/blogg\/index.php?rest_route=%2Fwp%2Fv2%2Fmedia&parent=5981"}],"wp:term":[{"taxonomy":"category","embeddable":true,"href":"http:\/\/www.galoppbilder.se\/blogg\/index.php?rest_route=%2Fwp%2Fv2%2Fcategories&post=5981"},{"taxonomy":"post_tag","embeddable":true,"href":"http:\/\/www.galoppbilder.se\/blogg\/index.php?rest_route=%2Fwp%2Fv2%2Ftags&post=5981"}],"curies":[{"name":"wp","href":"https:\/\/api.w.org\/{rel}","templated":true}]}}