{"id":6040,"date":"2011-10-13T02:33:16","date_gmt":"2011-10-13T00:33:16","guid":{"rendered":"http:\/\/www.galoppbilder.se\/blogg\/?p=6040"},"modified":"2011-10-13T02:33:16","modified_gmt":"2011-10-13T00:33:16","slug":"hostljus","status":"publish","type":"post","link":"http:\/\/www.galoppbilder.se\/blogg\/?p=6040","title":{"rendered":"H\u00f6stljus"},"content":{"rendered":"<p><strong>Klockan \u00e4r en bit \u00f6ver tv\u00e5 natten. Jag borde naturligtvis sova vid den h\u00e4r tiden. Problemet \u00e4r att dygnsrytmen blivit en aning rubbad de senaste veckorna och jag f\u00e5r allt sv\u00e5rare att varva ner. S\u00e5 innan jag loggar ut t\u00e4nkte jag skriva ihop en liten bloggpost. <\/strong><\/p>\n<p><img loading=\"lazy\" decoding=\"async\" class=\"alignnone size-full wp-image-6041\" title=\"hostljus\" src=\"http:\/\/www.galoppbilder.se\/blogg\/wp-content\/uploads\/2011\/10\/hostljus.jpg\" alt=\"\" width=\"600\" height=\"428\" srcset=\"http:\/\/www.galoppbilder.se\/blogg\/wp-content\/uploads\/2011\/10\/hostljus.jpg 600w, http:\/\/www.galoppbilder.se\/blogg\/wp-content\/uploads\/2011\/10\/hostljus-300x214.jpg 300w\" sizes=\"auto, (max-width: 709px) 85vw, (max-width: 909px) 67vw, (max-width: 984px) 61vw, (max-width: 1362px) 45vw, 600px\" \/><\/p>\n<p>Det var en l\u00e5ng t\u00e4vlingsdag p\u00e5 J\u00e4gersro idag. L\u00f6pningarna var av typisk vardagskarakt\u00e4r. F\u00f6r min del skiljer en s\u00e5dan t\u00e4vlingsdag sig inte speciellt mycket fr\u00e5n exempelvis s\u00f6ndagens storloppsdag p\u00e5 T\u00e4by. F\u00f6rst och fr\u00e4mst handlar det om att g\u00f6ra ett jobb. D\u00e5 spelar det egentligen ingen roll om det \u00e4r 60 eller 90-h\u00e4star som springer d\u00e4r ute p\u00e5 banan.<\/p>\n<p>En sak som d\u00e4remot kan variera v\u00e4ldigt mycket mellan t\u00e4vlingsdagarna \u00e4r ljuset. H\u00f6stljuset \u00e4r min absoluta favorit. F\u00f6r en novis \u00e4r det kanske lite sv\u00e5rt att f\u00f6rst\u00e5 hur mycket ljuset betyder f\u00f6r en bild. Det handlar absolut inte om m\u00e4ngden ljus. Tv\u00e4rt om. En solig dag mitt i juli \u00e4r bland det v\u00e4rsta jag vet. Ljusa september- och oktoberdagar \u00e4r d\u00e4remot helt perfekta. Som idag. F\u00e4rgerna blir fylligare och varmare, skuggorna blir l\u00e4ngre. Ta en titt i mitt <a href=\"http:\/\/svenskgalopp.smugmug.com\/Tvlingsdagar\/Jagersro-111012\/19492908_79f2zm#1525986054_kwbFCLF\">bildgalleri fr\u00e5n t\u00e4vlingsdagen<\/a> s\u00e5 f\u00f6rst\u00e5r ni s\u00e4kert vad jag menar.<\/p>\n<p>I \u00f6vrigt har det som alla k\u00e4nner till varit lite oroligt i v\u00e5r sport de senaste veckorna. Det vore oklokt av mig att g\u00e5 n\u00e4rmare in p\u00e5 sakfr\u00e5gorna h\u00e4r. Det ska jag sj\u00e4lvfallet inte g\u00f6ra.<\/p>\n<p>Vad jag d\u00e4remot t\u00e4nker g\u00f6ra \u00e4r att utrycka en viss oro \u00f6ver de v\u00e4xande klyftorna i sporten. Om dessa \u00f6kar kommer det n\u00e4mligen endast att leda till att galoppen blir \u00e4nnu mindre \u00e4n vad den \u00e4r idag. De stora vinnarna p\u00e5 en s\u00e5dan utveckling \u00e4r de inte obetydliga krafter som anser att galoppen t\u00e4r f\u00f6r mycket p\u00e5 de medel som det totala spelet genererar. D\u00e4rf\u00f6r \u00e4r dialog, samarbets- och kompromissvilja tre extremt viktiga ledord den n\u00e4rmaste tiden.<\/p>\n<p>V\u00e5r tidigare ordf\u00f6rande Benny Carlsson l\u00e4mnade in en alldeles utm\u00e4rkt och <a href=\"http:\/\/www.svenskgalopp.se\/sg\/nyheter-skg\/insaendare\/1111-vad-aer-det-som-haender-1.html\" target=\"_blank\">v\u00e4lformulerad ins\u00e4ndare<\/a> till Svensk Galopp i b\u00f6rjan p\u00e5 veckan. Det tycker jag att fler borde g\u00f6ra. Jag avslutar min bloggpost med att citera ett stycke ur denna.<\/p>\n<p><em>\u201dMan kan alltid diskutera hur och vad som har gjorts, r\u00e4tt eller fel, men nu g\u00e4ller det att Svensk Galopp st\u00e5r enad och forts\u00e4tter att arbeta f\u00f6r en gemensam organisation i Sverige. Galoppen har en bra framtid, men skall se till att man sj\u00e4lv f\u00e5r best\u00e4mma om den. Det f\u00e5r inte l\u00e4mnas till n\u00e5gon annan.\u201d<\/em><\/p>\n","protected":false},"excerpt":{"rendered":"<p>Klockan \u00e4r en bit \u00f6ver tv\u00e5 natten. Jag borde naturligtvis sova vid den h\u00e4r tiden. Problemet \u00e4r att dygnsrytmen blivit en aning rubbad de senaste veckorna och jag f\u00e5r allt sv\u00e5rare att varva ner. S\u00e5 innan jag loggar ut t\u00e4nkte jag skriva ihop en liten bloggpost. Det var en l\u00e5ng t\u00e4vlingsdag p\u00e5 J\u00e4gersro idag. L\u00f6pningarna &hellip; <a href=\"http:\/\/www.galoppbilder.se\/blogg\/?p=6040\" class=\"more-link\">Forts\u00e4tt l\u00e4sa<span class=\"screen-reader-text\"> \u201dH\u00f6stljus\u201d<\/span><\/a><\/p>\n","protected":false},"author":5,"featured_media":0,"comment_status":"open","ping_status":"open","sticky":false,"template":"","format":"standard","meta":{"ngg_post_thumbnail":0,"footnotes":""},"categories":[1],"tags":[],"class_list":["post-6040","post","type-post","status-publish","format-standard","hentry","category-diverse"],"aioseo_notices":[],"_links":{"self":[{"href":"http:\/\/www.galoppbilder.se\/blogg\/index.php?rest_route=\/wp\/v2\/posts\/6040","targetHints":{"allow":["GET"]}}],"collection":[{"href":"http:\/\/www.galoppbilder.se\/blogg\/index.php?rest_route=\/wp\/v2\/posts"}],"about":[{"href":"http:\/\/www.galoppbilder.se\/blogg\/index.php?rest_route=\/wp\/v2\/types\/post"}],"author":[{"embeddable":true,"href":"http:\/\/www.galoppbilder.se\/blogg\/index.php?rest_route=\/wp\/v2\/users\/5"}],"replies":[{"embeddable":true,"href":"http:\/\/www.galoppbilder.se\/blogg\/index.php?rest_route=%2Fwp%2Fv2%2Fcomments&post=6040"}],"version-history":[{"count":1,"href":"http:\/\/www.galoppbilder.se\/blogg\/index.php?rest_route=\/wp\/v2\/posts\/6040\/revisions"}],"predecessor-version":[{"id":6042,"href":"http:\/\/www.galoppbilder.se\/blogg\/index.php?rest_route=\/wp\/v2\/posts\/6040\/revisions\/6042"}],"wp:attachment":[{"href":"http:\/\/www.galoppbilder.se\/blogg\/index.php?rest_route=%2Fwp%2Fv2%2Fmedia&parent=6040"}],"wp:term":[{"taxonomy":"category","embeddable":true,"href":"http:\/\/www.galoppbilder.se\/blogg\/index.php?rest_route=%2Fwp%2Fv2%2Fcategories&post=6040"},{"taxonomy":"post_tag","embeddable":true,"href":"http:\/\/www.galoppbilder.se\/blogg\/index.php?rest_route=%2Fwp%2Fv2%2Ftags&post=6040"}],"curies":[{"name":"wp","href":"https:\/\/api.w.org\/{rel}","templated":true}]}}