{"id":6099,"date":"2011-11-01T18:52:00","date_gmt":"2011-11-01T17:52:00","guid":{"rendered":"http:\/\/www.galoppbilder.se\/blogg\/?p=6099"},"modified":"2011-11-01T18:52:41","modified_gmt":"2011-11-01T17:52:41","slug":"bonusbilder-taby-galopp-30-oktober","status":"publish","type":"post","link":"http:\/\/www.galoppbilder.se\/blogg\/?p=6099","title":{"rendered":"Bonusbilder T\u00e4by Galopp 30 oktober"},"content":{"rendered":"<p><img loading=\"lazy\" decoding=\"async\" class=\"size-full wp-image-6100 alignnone\" title=\"Bonusbilder\" src=\"http:\/\/www.galoppbilder.se\/blogg\/wp-content\/uploads\/2011\/11\/D3C9846.jpg\" alt=\"\" width=\"600\" height=\"412\" srcset=\"http:\/\/www.galoppbilder.se\/blogg\/wp-content\/uploads\/2011\/11\/D3C9846.jpg 800w, http:\/\/www.galoppbilder.se\/blogg\/wp-content\/uploads\/2011\/11\/D3C9846-300x206.jpg 300w\" sizes=\"auto, (max-width: 709px) 85vw, (max-width: 909px) 67vw, (max-width: 984px) 61vw, (max-width: 1362px) 45vw, 600px\" \/><br \/>\nJag har puttat upp ett nytt Facebook-galleri med bonusbilder fr\u00e5n s\u00f6ndagens t\u00e4vlingar p\u00e5 T\u00e4by Galopp. <a href=\"http:\/\/www.facebook.com\/media\/set\/?set=a.10150358793063953.352819.142174058952&amp;type=1\" target=\"_blank\">Klicka h\u00e4r f\u00f6r att kika<\/a>.<\/p>\n","protected":false},"excerpt":{"rendered":"<p>Jag har puttat upp ett nytt Facebook-galleri med bonusbilder fr\u00e5n s\u00f6ndagens t\u00e4vlingar p\u00e5 T\u00e4by Galopp. Klicka h\u00e4r f\u00f6r att kika.<\/p>\n","protected":false},"author":5,"featured_media":0,"comment_status":"open","ping_status":"open","sticky":false,"template":"","format":"standard","meta":{"ngg_post_thumbnail":0,"footnotes":""},"categories":[3],"tags":[67],"class_list":["post-6099","post","type-post","status-publish","format-standard","hentry","category-foto","tag-bonusbilder"],"aioseo_notices":[],"_links":{"self":[{"href":"http:\/\/www.galoppbilder.se\/blogg\/index.php?rest_route=\/wp\/v2\/posts\/6099","targetHints":{"allow":["GET"]}}],"collection":[{"href":"http:\/\/www.galoppbilder.se\/blogg\/index.php?rest_route=\/wp\/v2\/posts"}],"about":[{"href":"http:\/\/www.galoppbilder.se\/blogg\/index.php?rest_route=\/wp\/v2\/types\/post"}],"author":[{"embeddable":true,"href":"http:\/\/www.galoppbilder.se\/blogg\/index.php?rest_route=\/wp\/v2\/users\/5"}],"replies":[{"embeddable":true,"href":"http:\/\/www.galoppbilder.se\/blogg\/index.php?rest_route=%2Fwp%2Fv2%2Fcomments&post=6099"}],"version-history":[{"count":2,"href":"http:\/\/www.galoppbilder.se\/blogg\/index.php?rest_route=\/wp\/v2\/posts\/6099\/revisions"}],"predecessor-version":[{"id":6102,"href":"http:\/\/www.galoppbilder.se\/blogg\/index.php?rest_route=\/wp\/v2\/posts\/6099\/revisions\/6102"}],"wp:attachment":[{"href":"http:\/\/www.galoppbilder.se\/blogg\/index.php?rest_route=%2Fwp%2Fv2%2Fmedia&parent=6099"}],"wp:term":[{"taxonomy":"category","embeddable":true,"href":"http:\/\/www.galoppbilder.se\/blogg\/index.php?rest_route=%2Fwp%2Fv2%2Fcategories&post=6099"},{"taxonomy":"post_tag","embeddable":true,"href":"http:\/\/www.galoppbilder.se\/blogg\/index.php?rest_route=%2Fwp%2Fv2%2Ftags&post=6099"}],"curies":[{"name":"wp","href":"https:\/\/api.w.org\/{rel}","templated":true}]}}