{"id":6178,"date":"2012-01-16T21:30:38","date_gmt":"2012-01-16T20:30:38","guid":{"rendered":"http:\/\/www.galoppbilder.se\/blogg\/?p=6178"},"modified":"2012-01-16T22:54:41","modified_gmt":"2012-01-16T21:54:41","slug":"bonusbilder-taby-galopp-15-januari","status":"publish","type":"post","link":"http:\/\/www.galoppbilder.se\/blogg\/?p=6178","title":{"rendered":"Bonusbilder T\u00e4by Galopp 15 januari"},"content":{"rendered":"<p><a href=\"http:\/\/www.galoppbilder.se\/blogg\/wp-content\/uploads\/2012\/01\/D7C9850.jpg\"><img loading=\"lazy\" decoding=\"async\" class=\"alignnone  wp-image-6179\" title=\"_D7C9850\" src=\"http:\/\/www.galoppbilder.se\/blogg\/wp-content\/uploads\/2012\/01\/D7C9850.jpg\" alt=\"\" width=\"599\" height=\"412\" srcset=\"http:\/\/www.galoppbilder.se\/blogg\/wp-content\/uploads\/2012\/01\/D7C9850.jpg 800w, http:\/\/www.galoppbilder.se\/blogg\/wp-content\/uploads\/2012\/01\/D7C9850-300x206.jpg 300w\" sizes=\"auto, (max-width: 599px) 85vw, 599px\" \/><\/a><br \/>\nJa men vad g\u00f6r man inte f\u00f6r sina bloggl\u00e4sare och 807 Facebook-fans!? Nu har jag n\u00e4mligen skickat upp hela 56 bonusbilder fr\u00e5n s\u00f6ndagens t\u00e4vlingar. S\u00e5 h\u00e4r koolt var f\u00f6rresten aftonhimlen inf\u00f6r det sista loppet. Synd att man aldrig fick tillf\u00e4lle att f\u00e5nga ett motiv med h\u00e4star i f\u00f6rgrunden. Sista loppet reds som bekant \u00f6ver korta 1 350 meter&#8230; <a href=\"http:\/\/www.facebook.com\/media\/set\/?set=a.10150496387468953.373098.142174058952&amp;type=1\" target=\"_blank\">Klicka h\u00e4r f\u00f6r att se bilderna<\/a><\/p>\n","protected":false},"excerpt":{"rendered":"<p>Ja men vad g\u00f6r man inte f\u00f6r sina bloggl\u00e4sare och 807 Facebook-fans!? Nu har jag n\u00e4mligen skickat upp hela 56 bonusbilder fr\u00e5n s\u00f6ndagens t\u00e4vlingar. S\u00e5 h\u00e4r koolt var f\u00f6rresten aftonhimlen inf\u00f6r det sista loppet. Synd att man aldrig fick tillf\u00e4lle att f\u00e5nga ett motiv med h\u00e4star i f\u00f6rgrunden. Sista loppet reds som bekant \u00f6ver korta &hellip; <a href=\"http:\/\/www.galoppbilder.se\/blogg\/?p=6178\" class=\"more-link\">Forts\u00e4tt l\u00e4sa<span class=\"screen-reader-text\"> \u201dBonusbilder T\u00e4by Galopp 15 januari\u201d<\/span><\/a><\/p>\n","protected":false},"author":5,"featured_media":0,"comment_status":"open","ping_status":"open","sticky":false,"template":"","format":"standard","meta":{"ngg_post_thumbnail":0,"footnotes":""},"categories":[3],"tags":[67,15],"class_list":["post-6178","post","type-post","status-publish","format-standard","hentry","category-foto","tag-bonusbilder","tag-taby"],"aioseo_notices":[],"_links":{"self":[{"href":"http:\/\/www.galoppbilder.se\/blogg\/index.php?rest_route=\/wp\/v2\/posts\/6178","targetHints":{"allow":["GET"]}}],"collection":[{"href":"http:\/\/www.galoppbilder.se\/blogg\/index.php?rest_route=\/wp\/v2\/posts"}],"about":[{"href":"http:\/\/www.galoppbilder.se\/blogg\/index.php?rest_route=\/wp\/v2\/types\/post"}],"author":[{"embeddable":true,"href":"http:\/\/www.galoppbilder.se\/blogg\/index.php?rest_route=\/wp\/v2\/users\/5"}],"replies":[{"embeddable":true,"href":"http:\/\/www.galoppbilder.se\/blogg\/index.php?rest_route=%2Fwp%2Fv2%2Fcomments&post=6178"}],"version-history":[{"count":2,"href":"http:\/\/www.galoppbilder.se\/blogg\/index.php?rest_route=\/wp\/v2\/posts\/6178\/revisions"}],"predecessor-version":[{"id":6181,"href":"http:\/\/www.galoppbilder.se\/blogg\/index.php?rest_route=\/wp\/v2\/posts\/6178\/revisions\/6181"}],"wp:attachment":[{"href":"http:\/\/www.galoppbilder.se\/blogg\/index.php?rest_route=%2Fwp%2Fv2%2Fmedia&parent=6178"}],"wp:term":[{"taxonomy":"category","embeddable":true,"href":"http:\/\/www.galoppbilder.se\/blogg\/index.php?rest_route=%2Fwp%2Fv2%2Fcategories&post=6178"},{"taxonomy":"post_tag","embeddable":true,"href":"http:\/\/www.galoppbilder.se\/blogg\/index.php?rest_route=%2Fwp%2Fv2%2Ftags&post=6178"}],"curies":[{"name":"wp","href":"https:\/\/api.w.org\/{rel}","templated":true}]}}