{"id":6182,"date":"2012-01-17T12:38:20","date_gmt":"2012-01-17T11:38:20","guid":{"rendered":"http:\/\/www.galoppbilder.se\/blogg\/?p=6182"},"modified":"2012-01-17T12:40:46","modified_gmt":"2012-01-17T11:40:46","slug":"bilder-fran-framtidsspaningen","status":"publish","type":"post","link":"http:\/\/www.galoppbilder.se\/blogg\/?p=6182","title":{"rendered":"Bilder fr\u00e5n Framtidsspaningen"},"content":{"rendered":"<p><img loading=\"lazy\" decoding=\"async\" class=\"alignnone\" src=\"http:\/\/svenskgalopp.smugmug.com\/Diverse\/Galoppens-framtidsspaning\/i-fNLN9cJ\/0\/M\/Framtidsspaning-4097-M.jpg\" alt=\"\" width=\"600\" height=\"420\" \/><br \/>\nS\u00e5 d\u00e4r ja, d\u00e5 har jag lagt ut ett g\u00e4ng bilder fr\u00e5n l\u00f6rdagens framtidsspaning p\u00e5 T\u00e4by Galopp. Nu \u00e5terst\u00e5r det bara att skriva en liten rapport fr\u00e5n arrangemanget. Eller bara och bara&#8230; Jag har en gedigen samling anteckningar att s\u00e4tta t\u00e4nderna i. [<a href=\"http:\/\/svenskgalopp.smugmug.com\/Diverse\/Galoppens-framtidsspaning\/21068915_4cFG2V#!i=1675435628&amp;k=fNLN9cJ\" target=\"_blank\">bilderna finns h\u00e4r<\/a>]<\/p>\n<p>Ig\u00e5r publicerade vi \u00e4ven en l\u00e4ttare <a href=\"http:\/\/svenskgalopp.smugmug.com\/Diverse\/SGS-Championfest-2012\/21051645_WdHZhc#!i=1673963037&amp;k=Zfg52CC\" target=\"_blank\">samling bilder l\u00f6rdagens SGS-fest<\/a>. Jag koncentrerade mig prim\u00e4rt p\u00e5 att fotografera de pristagare som fanns p\u00e5 plats i egen person. Samtliga \u00e4r dock n\u00e4mna i <a href=\"http:\/\/www.svenskgalopp.se\/sg\/nyheter-skg\/nyheter\/1312-sgs-hyllade-taebys-stjaernor.html\" target=\"_blank\">texten fr\u00e5n festen<\/a>. \u00d6verlag tycker jag att det var en trevlig och l\u00e4tt gemytlig tillst\u00e4llning i l\u00f6rdags. De flesta verkade uppskatta den italienska buff\u00e9n, s\u00e5 \u00e4ven jag. M\u00f6jligen hade man \u00f6nskat sig lite mer &#8221;drag&#8221; n\u00e4r middagen och prisutdelningen var slut, men det f\u00e5r vi v\u00e4l \u00e4ndra p\u00e5 till n\u00e4sta \u00e5r&#8230;<\/p>\n","protected":false},"excerpt":{"rendered":"<p>S\u00e5 d\u00e4r ja, d\u00e5 har jag lagt ut ett g\u00e4ng bilder fr\u00e5n l\u00f6rdagens framtidsspaning p\u00e5 T\u00e4by Galopp. Nu \u00e5terst\u00e5r det bara att skriva en liten rapport fr\u00e5n arrangemanget. Eller bara och bara&#8230; Jag har en gedigen samling anteckningar att s\u00e4tta t\u00e4nderna i. [bilderna finns h\u00e4r] Ig\u00e5r publicerade vi \u00e4ven en l\u00e4ttare samling bilder l\u00f6rdagens SGS-fest. &hellip; <a href=\"http:\/\/www.galoppbilder.se\/blogg\/?p=6182\" class=\"more-link\">Forts\u00e4tt l\u00e4sa<span class=\"screen-reader-text\"> \u201dBilder fr\u00e5n Framtidsspaningen\u201d<\/span><\/a><\/p>\n","protected":false},"author":5,"featured_media":0,"comment_status":"open","ping_status":"open","sticky":false,"template":"","format":"standard","meta":{"ngg_post_thumbnail":0,"footnotes":""},"categories":[3,5],"tags":[15],"class_list":["post-6182","post","type-post","status-publish","format-standard","hentry","category-foto","category-smatt-och-gott","tag-taby"],"aioseo_notices":[],"_links":{"self":[{"href":"http:\/\/www.galoppbilder.se\/blogg\/index.php?rest_route=\/wp\/v2\/posts\/6182","targetHints":{"allow":["GET"]}}],"collection":[{"href":"http:\/\/www.galoppbilder.se\/blogg\/index.php?rest_route=\/wp\/v2\/posts"}],"about":[{"href":"http:\/\/www.galoppbilder.se\/blogg\/index.php?rest_route=\/wp\/v2\/types\/post"}],"author":[{"embeddable":true,"href":"http:\/\/www.galoppbilder.se\/blogg\/index.php?rest_route=\/wp\/v2\/users\/5"}],"replies":[{"embeddable":true,"href":"http:\/\/www.galoppbilder.se\/blogg\/index.php?rest_route=%2Fwp%2Fv2%2Fcomments&post=6182"}],"version-history":[{"count":3,"href":"http:\/\/www.galoppbilder.se\/blogg\/index.php?rest_route=\/wp\/v2\/posts\/6182\/revisions"}],"predecessor-version":[{"id":6184,"href":"http:\/\/www.galoppbilder.se\/blogg\/index.php?rest_route=\/wp\/v2\/posts\/6182\/revisions\/6184"}],"wp:attachment":[{"href":"http:\/\/www.galoppbilder.se\/blogg\/index.php?rest_route=%2Fwp%2Fv2%2Fmedia&parent=6182"}],"wp:term":[{"taxonomy":"category","embeddable":true,"href":"http:\/\/www.galoppbilder.se\/blogg\/index.php?rest_route=%2Fwp%2Fv2%2Fcategories&post=6182"},{"taxonomy":"post_tag","embeddable":true,"href":"http:\/\/www.galoppbilder.se\/blogg\/index.php?rest_route=%2Fwp%2Fv2%2Ftags&post=6182"}],"curies":[{"name":"wp","href":"https:\/\/api.w.org\/{rel}","templated":true}]}}