{"id":6201,"date":"2012-01-20T01:52:50","date_gmt":"2012-01-20T00:52:50","guid":{"rendered":"http:\/\/www.galoppbilder.se\/blogg\/?p=6201"},"modified":"2012-01-20T02:13:57","modified_gmt":"2012-01-20T01:13:57","slug":"huvudstadbaneinformationsmote","status":"publish","type":"post","link":"http:\/\/www.galoppbilder.se\/blogg\/?p=6201","title":{"rendered":"Huvudstadbaneinformationsm\u00f6te"},"content":{"rendered":"<p><em>Smaka p\u00e5 den sk\u00f6na rubben!<\/em><\/p>\n<p><a href=\"http:\/\/www.galoppbilder.se\/blogg\/wp-content\/uploads\/2012\/01\/hbaneinfomote_0979.jpg\"><img loading=\"lazy\" decoding=\"async\" class=\"alignnone size-full wp-image-6200\" title=\"Informationsm\u00f6te J\u00e4gersro\" src=\"http:\/\/www.galoppbilder.se\/blogg\/wp-content\/uploads\/2012\/01\/hbaneinfomote_0979.jpg\" alt=\"\" width=\"600\" height=\"415\" srcset=\"http:\/\/www.galoppbilder.se\/blogg\/wp-content\/uploads\/2012\/01\/hbaneinfomote_0979.jpg 600w, http:\/\/www.galoppbilder.se\/blogg\/wp-content\/uploads\/2012\/01\/hbaneinfomote_0979-300x207.jpg 300w\" sizes=\"auto, (max-width: 709px) 85vw, (max-width: 909px) 67vw, (max-width: 984px) 61vw, (max-width: 1362px) 45vw, 600px\" \/><\/a><\/p>\n<p>I torsdags kv\u00e4ll bj\u00f6d projektledare Dag Johansson och Sk\u00e5nska F\u00e4ltrittklubben in J\u00e4gersros galoppv\u00e4nner till ett utm\u00e4rkt informationsm\u00f6te d\u00e4r alla t\u00e4nkbara fakta redovisades avseende k\u00f6pet av marken kring \u00d6nsta G\u00e5rd i Bro.<\/p>\n<p>Eftersom risken \u00e4r \u00f6verh\u00e4ngande att jag p\u00e5 en annan galoppblogg blir anklagad f\u00f6r att fara med osanning t\u00e4nker jag inte specificera antalet \u00e5h\u00f6rare i lokalen (jag kontrollr\u00e4knade n\u00e4mligen varken personer eller stolar). Jag n\u00f6jer mig ist\u00e4llet med att konstatera att uppslutningen var st\u00f6rre \u00e4n vad jag hade f\u00f6rv\u00e4ntat mig.<\/p>\n<p>En stor del av den information som Dag redovisade var helt ny \u00e4ven f\u00f6r mig. I synnerhet hur kalkyler v\u00e4gdes mot mjukare v\u00e4rden under sj\u00e4lva urvalsprocessen. N\u00e4r dimbankarna s\u00e5 sm\u00e5tt b\u00f6rjar skingra sig blir jag alltmer \u00f6vertygad om att vi har hittat en utm\u00e4rkt plats f\u00f6r v\u00e5r nya huvudstadsbana.<\/p>\n<p>Annars utg\u00e5r jag fr\u00e5n att m\u00f6tet\u00a0 endast var en repris av det som <a href=\"http:\/\/www.svenskgalopp.se\/sg\/nyheter-skg\/nyheter\/1297-vaelbesoekt-informationsmoete-pa-taeby.html\" target=\"_blank\">\u00e4gde rum p\u00e5 T\u00e4by Galopp i f\u00f6rra veckan<\/a>.<\/p>\n<p>Imorgon ska jag f\u00f6rs\u00f6ka fotografera ytterligare en Riksgalopp\u00f6r. Den h\u00e4r g\u00e5ngen blir det ett bes\u00f6k p\u00e5 Stall Rancho.<\/p>\n","protected":false},"excerpt":{"rendered":"<p>Smaka p\u00e5 den sk\u00f6na rubben! I torsdags kv\u00e4ll bj\u00f6d projektledare Dag Johansson och Sk\u00e5nska F\u00e4ltrittklubben in J\u00e4gersros galoppv\u00e4nner till ett utm\u00e4rkt informationsm\u00f6te d\u00e4r alla t\u00e4nkbara fakta redovisades avseende k\u00f6pet av marken kring \u00d6nsta G\u00e5rd i Bro. Eftersom risken \u00e4r \u00f6verh\u00e4ngande att jag p\u00e5 en annan galoppblogg blir anklagad f\u00f6r att fara med osanning t\u00e4nker jag &hellip; <a href=\"http:\/\/www.galoppbilder.se\/blogg\/?p=6201\" class=\"more-link\">Forts\u00e4tt l\u00e4sa<span class=\"screen-reader-text\"> \u201dHuvudstadbaneinformationsm\u00f6te\u201d<\/span><\/a><\/p>\n","protected":false},"author":5,"featured_media":0,"comment_status":"open","ping_status":"open","sticky":false,"template":"","format":"standard","meta":{"ngg_post_thumbnail":0,"footnotes":""},"categories":[5],"tags":[31,105],"class_list":["post-6201","post","type-post","status-publish","format-standard","hentry","category-smatt-och-gott","tag-jagersro","tag-nya-huvudstadsbanan"],"aioseo_notices":[],"_links":{"self":[{"href":"http:\/\/www.galoppbilder.se\/blogg\/index.php?rest_route=\/wp\/v2\/posts\/6201","targetHints":{"allow":["GET"]}}],"collection":[{"href":"http:\/\/www.galoppbilder.se\/blogg\/index.php?rest_route=\/wp\/v2\/posts"}],"about":[{"href":"http:\/\/www.galoppbilder.se\/blogg\/index.php?rest_route=\/wp\/v2\/types\/post"}],"author":[{"embeddable":true,"href":"http:\/\/www.galoppbilder.se\/blogg\/index.php?rest_route=\/wp\/v2\/users\/5"}],"replies":[{"embeddable":true,"href":"http:\/\/www.galoppbilder.se\/blogg\/index.php?rest_route=%2Fwp%2Fv2%2Fcomments&post=6201"}],"version-history":[{"count":9,"href":"http:\/\/www.galoppbilder.se\/blogg\/index.php?rest_route=\/wp\/v2\/posts\/6201\/revisions"}],"predecessor-version":[{"id":6210,"href":"http:\/\/www.galoppbilder.se\/blogg\/index.php?rest_route=\/wp\/v2\/posts\/6201\/revisions\/6210"}],"wp:attachment":[{"href":"http:\/\/www.galoppbilder.se\/blogg\/index.php?rest_route=%2Fwp%2Fv2%2Fmedia&parent=6201"}],"wp:term":[{"taxonomy":"category","embeddable":true,"href":"http:\/\/www.galoppbilder.se\/blogg\/index.php?rest_route=%2Fwp%2Fv2%2Fcategories&post=6201"},{"taxonomy":"post_tag","embeddable":true,"href":"http:\/\/www.galoppbilder.se\/blogg\/index.php?rest_route=%2Fwp%2Fv2%2Ftags&post=6201"}],"curies":[{"name":"wp","href":"https:\/\/api.w.org\/{rel}","templated":true}]}}