{"id":6213,"date":"2012-01-22T10:32:04","date_gmt":"2012-01-22T09:32:04","guid":{"rendered":"http:\/\/www.galoppbilder.se\/blogg\/?p=6213"},"modified":"2012-01-22T10:32:04","modified_gmt":"2012-01-22T09:32:04","slug":"vinter-pa-taby-galopp","status":"publish","type":"post","link":"http:\/\/www.galoppbilder.se\/blogg\/?p=6213","title":{"rendered":"Vinter p\u00e5 T\u00e4by Galopp"},"content":{"rendered":"<p><img loading=\"lazy\" decoding=\"async\" class=\" wp-image-6214 alignnone\" title=\"Bana T\u00e4by\" src=\"http:\/\/www.galoppbilder.se\/blogg\/wp-content\/uploads\/2012\/01\/bana120122.jpg\" alt=\"\" width=\"600\" height=\"374\" srcset=\"http:\/\/www.galoppbilder.se\/blogg\/wp-content\/uploads\/2012\/01\/bana120122.jpg 600w, http:\/\/www.galoppbilder.se\/blogg\/wp-content\/uploads\/2012\/01\/bana120122-300x187.jpg 300w\" sizes=\"auto, (max-width: 709px) 85vw, (max-width: 909px) 67vw, (max-width: 984px) 61vw, (max-width: 1362px) 45vw, 600px\" \/><br \/>\nIdag kom vintern till T\u00e4by Galopp. Jag var ute och kikade p\u00e5 banan f\u00f6r en knapp timme sedan och den \u00e4r faktiskt inte s\u00e5 tokig. Just nu kategoriserar vi den som n\u00e5got tung.<\/p>\n","protected":false},"excerpt":{"rendered":"<p>Idag kom vintern till T\u00e4by Galopp. Jag var ute och kikade p\u00e5 banan f\u00f6r en knapp timme sedan och den \u00e4r faktiskt inte s\u00e5 tokig. Just nu kategoriserar vi den som n\u00e5got tung.<\/p>\n","protected":false},"author":5,"featured_media":0,"comment_status":"open","ping_status":"open","sticky":false,"template":"","format":"standard","meta":{"ngg_post_thumbnail":0,"footnotes":""},"categories":[3,5],"tags":[15,22],"class_list":["post-6213","post","type-post","status-publish","format-standard","hentry","category-foto","category-smatt-och-gott","tag-taby","tag-vintergalopp"],"aioseo_notices":[],"_links":{"self":[{"href":"http:\/\/www.galoppbilder.se\/blogg\/index.php?rest_route=\/wp\/v2\/posts\/6213","targetHints":{"allow":["GET"]}}],"collection":[{"href":"http:\/\/www.galoppbilder.se\/blogg\/index.php?rest_route=\/wp\/v2\/posts"}],"about":[{"href":"http:\/\/www.galoppbilder.se\/blogg\/index.php?rest_route=\/wp\/v2\/types\/post"}],"author":[{"embeddable":true,"href":"http:\/\/www.galoppbilder.se\/blogg\/index.php?rest_route=\/wp\/v2\/users\/5"}],"replies":[{"embeddable":true,"href":"http:\/\/www.galoppbilder.se\/blogg\/index.php?rest_route=%2Fwp%2Fv2%2Fcomments&post=6213"}],"version-history":[{"count":1,"href":"http:\/\/www.galoppbilder.se\/blogg\/index.php?rest_route=\/wp\/v2\/posts\/6213\/revisions"}],"predecessor-version":[{"id":6215,"href":"http:\/\/www.galoppbilder.se\/blogg\/index.php?rest_route=\/wp\/v2\/posts\/6213\/revisions\/6215"}],"wp:attachment":[{"href":"http:\/\/www.galoppbilder.se\/blogg\/index.php?rest_route=%2Fwp%2Fv2%2Fmedia&parent=6213"}],"wp:term":[{"taxonomy":"category","embeddable":true,"href":"http:\/\/www.galoppbilder.se\/blogg\/index.php?rest_route=%2Fwp%2Fv2%2Fcategories&post=6213"},{"taxonomy":"post_tag","embeddable":true,"href":"http:\/\/www.galoppbilder.se\/blogg\/index.php?rest_route=%2Fwp%2Fv2%2Ftags&post=6213"}],"curies":[{"name":"wp","href":"https:\/\/api.w.org\/{rel}","templated":true}]}}