{"id":6217,"date":"2012-01-22T22:05:09","date_gmt":"2012-01-22T21:05:09","guid":{"rendered":"http:\/\/www.galoppbilder.se\/blogg\/?p=6217"},"modified":"2012-01-22T22:17:22","modified_gmt":"2012-01-22T21:17:22","slug":"winter-racing","status":"publish","type":"post","link":"http:\/\/www.galoppbilder.se\/blogg\/?p=6217","title":{"rendered":"Winter Racing"},"content":{"rendered":"<p><img loading=\"lazy\" decoding=\"async\" class=\"size-full wp-image-6218 alignnone\" title=\"Winter Racing\" src=\"http:\/\/www.galoppbilder.se\/blogg\/wp-content\/uploads\/2012\/01\/winter4788.jpg\" alt=\"\" width=\"600\" height=\"414\" srcset=\"http:\/\/www.galoppbilder.se\/blogg\/wp-content\/uploads\/2012\/01\/winter4788.jpg 600w, http:\/\/www.galoppbilder.se\/blogg\/wp-content\/uploads\/2012\/01\/winter4788-300x207.jpg 300w\" sizes=\"auto, (max-width: 709px) 85vw, (max-width: 909px) 67vw, (max-width: 984px) 61vw, (max-width: 1362px) 45vw, 600px\" \/><br \/>\n<strong>S\u00e5 kom den d\u00e5. N\u00e5gra veckor senare \u00e4n ber\u00e4knat. Den riktiga vintergaloppen.<\/strong><\/p>\n<p>F\u00f6r mig som fotograf \u00e4r sn\u00f6n alltid v\u00e4lkommen. Pl\u00f6tsligt blir f\u00f6ruts\u00e4ttningarna helt nya och annorlunda. Ljuset, f\u00e4rgerna, kontrasterna&#8230; Det spelar liksom ingen roll om det \u00e4r en massa sn\u00f6flingor mellan kameran och motivet. Flingorna ger bara bilderna en extra dimension.<\/p>\n<p>P\u00e5 det hela taget \u00e4r jag riktigt n\u00f6jd med dagens t\u00e4vlingsdag. Roliga vinnare dessutom. Och d\u00e5 t\u00e4nker jag naturligtvis fr\u00e4mst p\u00e5 Petra och Hillevi. Det g\u00e5r liksom inte att ta miste p\u00e5 deras segergl\u00e4dje.<\/p>\n<p>Att galopp \u00e4r en sport d\u00e4r tjejer och killar t\u00e4vlar p\u00e5 lika villkor \u00e4r knappast n\u00e5gon hemlighet. Fyra av dagens fem race vanns till exempel av kvinnliga ryttare. Lika m\u00e5nga vinnande h\u00e4star hade kvinnliga tr\u00e4nare. Och d\u00e5 var dagens t\u00e4vlingar knappast n\u00e5got undantag.<\/p>\n<p>Sj\u00e4lv \u00e4r f\u00f6rbaskat stolt \u00f6ver att jobba med en sport d\u00e4r man inte g\u00f6r skillnad p\u00e5 k\u00f6n, \u00e5lder eller etnicitet. I galoppen kan alla m\u00f6tas och ha trevligt med <strong>h\u00e4sten<\/strong> som gemensam n\u00e4mnare.<\/p>\n<p>N\u00e5ja, nu ska jag inte svamla mer. F\u00e5r jag en timme \u00f6ver s\u00e5 lovar jag att l\u00e4gga ut lite bonusbilder p\u00e5 Fejjan. Vi h\u00f6rs!<\/p>\n","protected":false},"excerpt":{"rendered":"<p>S\u00e5 kom den d\u00e5. N\u00e5gra veckor senare \u00e4n ber\u00e4knat. Den riktiga vintergaloppen. F\u00f6r mig som fotograf \u00e4r sn\u00f6n alltid v\u00e4lkommen. Pl\u00f6tsligt blir f\u00f6ruts\u00e4ttningarna helt nya och annorlunda. Ljuset, f\u00e4rgerna, kontrasterna&#8230; Det spelar liksom ingen roll om det \u00e4r en massa sn\u00f6flingor mellan kameran och motivet. Flingorna ger bara bilderna en extra dimension. P\u00e5 det hela &hellip; <a href=\"http:\/\/www.galoppbilder.se\/blogg\/?p=6217\" class=\"more-link\">Forts\u00e4tt l\u00e4sa<span class=\"screen-reader-text\"> \u201dWinter Racing\u201d<\/span><\/a><\/p>\n","protected":false},"author":5,"featured_media":0,"comment_status":"open","ping_status":"open","sticky":false,"template":"","format":"standard","meta":{"ngg_post_thumbnail":0,"footnotes":""},"categories":[5,8],"tags":[35,15,22],"class_list":["post-6217","post","type-post","status-publish","format-standard","hentry","category-smatt-och-gott","category-vardagsgalopp","tag-arbetsdagen","tag-taby","tag-vintergalopp"],"aioseo_notices":[],"_links":{"self":[{"href":"http:\/\/www.galoppbilder.se\/blogg\/index.php?rest_route=\/wp\/v2\/posts\/6217","targetHints":{"allow":["GET"]}}],"collection":[{"href":"http:\/\/www.galoppbilder.se\/blogg\/index.php?rest_route=\/wp\/v2\/posts"}],"about":[{"href":"http:\/\/www.galoppbilder.se\/blogg\/index.php?rest_route=\/wp\/v2\/types\/post"}],"author":[{"embeddable":true,"href":"http:\/\/www.galoppbilder.se\/blogg\/index.php?rest_route=\/wp\/v2\/users\/5"}],"replies":[{"embeddable":true,"href":"http:\/\/www.galoppbilder.se\/blogg\/index.php?rest_route=%2Fwp%2Fv2%2Fcomments&post=6217"}],"version-history":[{"count":10,"href":"http:\/\/www.galoppbilder.se\/blogg\/index.php?rest_route=\/wp\/v2\/posts\/6217\/revisions"}],"predecessor-version":[{"id":6227,"href":"http:\/\/www.galoppbilder.se\/blogg\/index.php?rest_route=\/wp\/v2\/posts\/6217\/revisions\/6227"}],"wp:attachment":[{"href":"http:\/\/www.galoppbilder.se\/blogg\/index.php?rest_route=%2Fwp%2Fv2%2Fmedia&parent=6217"}],"wp:term":[{"taxonomy":"category","embeddable":true,"href":"http:\/\/www.galoppbilder.se\/blogg\/index.php?rest_route=%2Fwp%2Fv2%2Fcategories&post=6217"},{"taxonomy":"post_tag","embeddable":true,"href":"http:\/\/www.galoppbilder.se\/blogg\/index.php?rest_route=%2Fwp%2Fv2%2Ftags&post=6217"}],"curies":[{"name":"wp","href":"https:\/\/api.w.org\/{rel}","templated":true}]}}