{"id":6229,"date":"2012-01-23T13:37:12","date_gmt":"2012-01-23T12:37:12","guid":{"rendered":"http:\/\/www.galoppbilder.se\/blogg\/?p=6229"},"modified":"2012-01-23T13:37:12","modified_gmt":"2012-01-23T12:37:12","slug":"nio-lopp-pa-sondag-2","status":"publish","type":"post","link":"http:\/\/www.galoppbilder.se\/blogg\/?p=6229","title":{"rendered":"Nio lopp p\u00e5 s\u00f6ndag"},"content":{"rendered":"<p><strong>D\u00e5 var det startanm\u00e4lt till T\u00e4by Galopp n\u00e4sta s\u00f6ndag. Det blir en fullsp\u00e4ckad t\u00e4vlingsdag med nio lopp plus ett kval.<\/strong><\/p>\n<p><img loading=\"lazy\" decoding=\"async\" class=\"alignnone\" src=\"http:\/\/svenskgalopp.smugmug.com\/Tvlingsdagar\/Taby-1104\/i-495cnXF\/0\/M\/racing-lady-8075-M.jpg\" alt=\"\" width=\"600\" height=\"439\" \/><\/p>\n<p>\u00d6verlag ser programmet riktigt trevligt ut med hyggligt stora och spelv\u00e4nliga startf\u00e4lt. Ingen h\u00f6gre klass, men ingen f\u00f6rv\u00e4ntar sig v\u00e4l annat s\u00e5 h\u00e4r mitt i vinters\u00e4songen. V\u00e5ra fyrbenta stj\u00e4rnor f\u00e5r helt enkelt v\u00e4nta n\u00e5gra m\u00e5nader.<\/p>\n<p>En liten antydan till stj\u00e4rnglans hittar vi dock i den inledande Klass 2 Handicapen d\u00e4r Patrick Wahl sadlar ut fjol\u00e5rets Diana-etta Racing Lady. Vi ska kanske inte ha f\u00f6r h\u00f6ga f\u00f6rv\u00e4ntningar p\u00e5 stoet efter ett l\u00e5ngt t\u00e4vlingsuppeh\u00e5ll, men det \u00e4r i vilket fall kul att se henne tillbaka p\u00e5 banan.<\/p>\n<p>Sedan har Hillevi Ljungquist m\u00f6jlighet att b\u00e4ttra p\u00e5 sitt \u00e5rsfacit ytterligare. I lopp 4 rider hon Muguru och i lopp 6 jagar &#8221;vintersj\u00e4rnan&#8221; Neviusz fj\u00e4rde raka. Nu f\u00e5r P-A och Jacob se upp!<\/p>\n<p>Det ska dessutom bli riktigt intressant att se hur oms\u00e4ttningen blir. G\u00e5rdagens siffra p\u00e5 tre millar var klart upplyftande och nu har vi ytterligare fyra lopp samt en V5-omg\u00e5ng.<\/p>\n<p>Bonusbilderna fr\u00e5n g\u00e5rdagen \u00e4r f\u00f6rresten p\u00e5 plats. [<a href=\"http:\/\/www.facebook.com\/media\/set\/?set=a.10150510608438953.375206.142174058952&amp;type=1\" target=\"_blank\">tryck h\u00e4r illa kvickt om du vill kika<\/a>]<\/p>\n","protected":false},"excerpt":{"rendered":"<p>D\u00e5 var det startanm\u00e4lt till T\u00e4by Galopp n\u00e4sta s\u00f6ndag. Det blir en fullsp\u00e4ckad t\u00e4vlingsdag med nio lopp plus ett kval. \u00d6verlag ser programmet riktigt trevligt ut med hyggligt stora och spelv\u00e4nliga startf\u00e4lt. Ingen h\u00f6gre klass, men ingen f\u00f6rv\u00e4ntar sig v\u00e4l annat s\u00e5 h\u00e4r mitt i vinters\u00e4songen. V\u00e5ra fyrbenta stj\u00e4rnor f\u00e5r helt enkelt v\u00e4nta n\u00e5gra m\u00e5nader. &hellip; <a href=\"http:\/\/www.galoppbilder.se\/blogg\/?p=6229\" class=\"more-link\">Forts\u00e4tt l\u00e4sa<span class=\"screen-reader-text\"> \u201dNio lopp p\u00e5 s\u00f6ndag\u201d<\/span><\/a><\/p>\n","protected":false},"author":5,"featured_media":0,"comment_status":"open","ping_status":"open","sticky":false,"template":"","format":"standard","meta":{"ngg_post_thumbnail":0,"footnotes":""},"categories":[5,8],"tags":[67,75,15],"class_list":["post-6229","post","type-post","status-publish","format-standard","hentry","category-smatt-och-gott","category-vardagsgalopp","tag-bonusbilder","tag-forhandssnack","tag-taby"],"aioseo_notices":[],"_links":{"self":[{"href":"http:\/\/www.galoppbilder.se\/blogg\/index.php?rest_route=\/wp\/v2\/posts\/6229","targetHints":{"allow":["GET"]}}],"collection":[{"href":"http:\/\/www.galoppbilder.se\/blogg\/index.php?rest_route=\/wp\/v2\/posts"}],"about":[{"href":"http:\/\/www.galoppbilder.se\/blogg\/index.php?rest_route=\/wp\/v2\/types\/post"}],"author":[{"embeddable":true,"href":"http:\/\/www.galoppbilder.se\/blogg\/index.php?rest_route=\/wp\/v2\/users\/5"}],"replies":[{"embeddable":true,"href":"http:\/\/www.galoppbilder.se\/blogg\/index.php?rest_route=%2Fwp%2Fv2%2Fcomments&post=6229"}],"version-history":[{"count":1,"href":"http:\/\/www.galoppbilder.se\/blogg\/index.php?rest_route=\/wp\/v2\/posts\/6229\/revisions"}],"predecessor-version":[{"id":6230,"href":"http:\/\/www.galoppbilder.se\/blogg\/index.php?rest_route=\/wp\/v2\/posts\/6229\/revisions\/6230"}],"wp:attachment":[{"href":"http:\/\/www.galoppbilder.se\/blogg\/index.php?rest_route=%2Fwp%2Fv2%2Fmedia&parent=6229"}],"wp:term":[{"taxonomy":"category","embeddable":true,"href":"http:\/\/www.galoppbilder.se\/blogg\/index.php?rest_route=%2Fwp%2Fv2%2Fcategories&post=6229"},{"taxonomy":"post_tag","embeddable":true,"href":"http:\/\/www.galoppbilder.se\/blogg\/index.php?rest_route=%2Fwp%2Fv2%2Ftags&post=6229"}],"curies":[{"name":"wp","href":"https:\/\/api.w.org\/{rel}","templated":true}]}}