{"id":6280,"date":"2012-02-02T20:19:25","date_gmt":"2012-02-02T19:19:25","guid":{"rendered":"http:\/\/www.galoppbilder.se\/blogg\/?p=6280"},"modified":"2012-02-02T20:28:30","modified_gmt":"2012-02-02T19:28:30","slug":"i-vantan-pa-huvudsasongen","status":"publish","type":"post","link":"http:\/\/www.galoppbilder.se\/blogg\/?p=6280","title":{"rendered":"I v\u00e4ntan p\u00e5 huvuds\u00e4songen"},"content":{"rendered":"<p><strong>Det finns inte alltf\u00f6r mycket att hetsa upp sig \u00f6ver p\u00e5 jobbfronten just nu. Det mesta f\u00f6ljer sitt fasta schema. N\u00e5gra veckodagar i Sk\u00e5ne, n\u00e5gra i T\u00e4by. En vinterm\u00e5nad kvar, d\u00e4refter ytterligare en m\u00e5nads t\u00e4vlingsuppeh\u00e5ll, sedan \u00e4r huvuds\u00e4songen ig\u00e5ng igen.<\/strong><\/p>\n<p><img loading=\"lazy\" decoding=\"async\" class=\"alignnone size-full wp-image-6281\" title=\"Riksgaloppen - banner\" src=\"http:\/\/www.galoppbilder.se\/blogg\/wp-content\/uploads\/2012\/02\/riksg-banner.jpg\" alt=\"\" width=\"600\" height=\"188\" srcset=\"http:\/\/www.galoppbilder.se\/blogg\/wp-content\/uploads\/2012\/02\/riksg-banner.jpg 600w, http:\/\/www.galoppbilder.se\/blogg\/wp-content\/uploads\/2012\/02\/riksg-banner-300x94.jpg 300w\" sizes=\"auto, (max-width: 709px) 85vw, (max-width: 909px) 67vw, (max-width: 984px) 61vw, (max-width: 1362px) 45vw, 600px\" \/><\/p>\n<p>Den st\u00f6rsta h\u00e4ndelsen \u00e4r v\u00e4l att de 7\u00a0000 \u00e4garandelarna i Riksgaloppen sl\u00e4ppets ig\u00e5r. Jag har tyv\u00e4rr ingen koll p\u00e5 hur f\u00f6rs\u00e4ljningen g\u00e5r. Men det \u00e4r v\u00e4l ingen h\u00f6goddsare att Johans stall n\u00e5r m\u00e5llinjen f\u00f6rst? Johan har naturligtvis ett perfekt utg\u00e5ngsl\u00e4ge med tanke p\u00e5 fjol\u00e5rets framg\u00e5ngar med Street Band. M\u00e5nga Helios-\u00e4gare hoppar s\u00e4kert p\u00e5 t\u00e5get \u00e4ven i \u00e5r.<\/p>\n<p>P\u00e5 tal om Riksgaloppen s\u00e5 har jag snickrat ihop ytterligare ett par banners de senaste dagarna, bland annat den som ligger i den h\u00e4r bloggposten. <strong>Kopiera och anv\u00e4nd den g\u00e4rna om ni vill!<\/strong><\/p>\n<p>Annars var det nog inte mer just nu&#8230; Vi h\u00f6rs!<\/p>\n","protected":false},"excerpt":{"rendered":"<p>Det finns inte alltf\u00f6r mycket att hetsa upp sig \u00f6ver p\u00e5 jobbfronten just nu. Det mesta f\u00f6ljer sitt fasta schema. N\u00e5gra veckodagar i Sk\u00e5ne, n\u00e5gra i T\u00e4by. En vinterm\u00e5nad kvar, d\u00e4refter ytterligare en m\u00e5nads t\u00e4vlingsuppeh\u00e5ll, sedan \u00e4r huvuds\u00e4songen ig\u00e5ng igen. Den st\u00f6rsta h\u00e4ndelsen \u00e4r v\u00e4l att de 7\u00a0000 \u00e4garandelarna i Riksgaloppen sl\u00e4ppets ig\u00e5r. Jag har &hellip; <a href=\"http:\/\/www.galoppbilder.se\/blogg\/?p=6280\" class=\"more-link\">Forts\u00e4tt l\u00e4sa<span class=\"screen-reader-text\"> \u201dI v\u00e4ntan p\u00e5 huvuds\u00e4songen\u201d<\/span><\/a><\/p>\n","protected":false},"author":5,"featured_media":0,"comment_status":"open","ping_status":"open","sticky":false,"template":"","format":"standard","meta":{"ngg_post_thumbnail":0,"footnotes":""},"categories":[5],"tags":[35,98],"class_list":["post-6280","post","type-post","status-publish","format-standard","hentry","category-smatt-och-gott","tag-arbetsdagen","tag-riksgaloppen"],"aioseo_notices":[],"_links":{"self":[{"href":"http:\/\/www.galoppbilder.se\/blogg\/index.php?rest_route=\/wp\/v2\/posts\/6280","targetHints":{"allow":["GET"]}}],"collection":[{"href":"http:\/\/www.galoppbilder.se\/blogg\/index.php?rest_route=\/wp\/v2\/posts"}],"about":[{"href":"http:\/\/www.galoppbilder.se\/blogg\/index.php?rest_route=\/wp\/v2\/types\/post"}],"author":[{"embeddable":true,"href":"http:\/\/www.galoppbilder.se\/blogg\/index.php?rest_route=\/wp\/v2\/users\/5"}],"replies":[{"embeddable":true,"href":"http:\/\/www.galoppbilder.se\/blogg\/index.php?rest_route=%2Fwp%2Fv2%2Fcomments&post=6280"}],"version-history":[{"count":3,"href":"http:\/\/www.galoppbilder.se\/blogg\/index.php?rest_route=\/wp\/v2\/posts\/6280\/revisions"}],"predecessor-version":[{"id":6284,"href":"http:\/\/www.galoppbilder.se\/blogg\/index.php?rest_route=\/wp\/v2\/posts\/6280\/revisions\/6284"}],"wp:attachment":[{"href":"http:\/\/www.galoppbilder.se\/blogg\/index.php?rest_route=%2Fwp%2Fv2%2Fmedia&parent=6280"}],"wp:term":[{"taxonomy":"category","embeddable":true,"href":"http:\/\/www.galoppbilder.se\/blogg\/index.php?rest_route=%2Fwp%2Fv2%2Fcategories&post=6280"},{"taxonomy":"post_tag","embeddable":true,"href":"http:\/\/www.galoppbilder.se\/blogg\/index.php?rest_route=%2Fwp%2Fv2%2Ftags&post=6280"}],"curies":[{"name":"wp","href":"https:\/\/api.w.org\/{rel}","templated":true}]}}