{"id":6287,"date":"2012-02-05T11:01:46","date_gmt":"2012-02-05T10:01:46","guid":{"rendered":"http:\/\/www.galoppbilder.se\/blogg\/?p=6287"},"modified":"2012-02-05T11:05:13","modified_gmt":"2012-02-05T10:05:13","slug":"riktig-vinter","status":"publish","type":"post","link":"http:\/\/www.galoppbilder.se\/blogg\/?p=6287","title":{"rendered":"Riktig vinter!"},"content":{"rendered":"<p><img loading=\"lazy\" decoding=\"async\" class=\"alignnone size-full wp-image-6288\" title=\"vinter0048\" src=\"http:\/\/www.galoppbilder.se\/blogg\/wp-content\/uploads\/2012\/02\/vinter0048.jpg\" alt=\"\" width=\"600\" height=\"397\" srcset=\"http:\/\/www.galoppbilder.se\/blogg\/wp-content\/uploads\/2012\/02\/vinter0048.jpg 600w, http:\/\/www.galoppbilder.se\/blogg\/wp-content\/uploads\/2012\/02\/vinter0048-300x198.jpg 300w\" sizes=\"auto, (max-width: 709px) 85vw, (max-width: 909px) 67vw, (max-width: 984px) 61vw, (max-width: 1362px) 45vw, 600px\" \/><br \/>\nJa idag \u00e4r det riktigt vinter p\u00e5 T\u00e4by Galopp! Temperaturen\u00a0 har dock stigit en del de senaste timmarna och ligger nu p\u00e5 ca -12. Jag var precis ute och kollade p\u00e5 banan. Visst \u00e4r den kr\u00e4vande, men faktiskt inte lika kr\u00e4vande som jag hade f\u00f6rv\u00e4ntat mig. Exakt hur l\u00e5ngsam den \u00e4r vet vi f\u00f6rst n\u00e4r ett par lopp har ridits. De som kommer att lida mest av kylan \u00e4r antagligen ryttarna och tr\u00e4ckarna. F\u00f6r mig personligen \u00e4r det ganska lugnt. Jag brukar smyga in i stugv\u00e4rmen mellan loppen och jag har dessutom laddat upp med b\u00e5de dunjacka och l\u00e5ngkalsonger.<\/p>\n","protected":false},"excerpt":{"rendered":"<p>Ja idag \u00e4r det riktigt vinter p\u00e5 T\u00e4by Galopp! Temperaturen\u00a0 har dock stigit en del de senaste timmarna och ligger nu p\u00e5 ca -12. Jag var precis ute och kollade p\u00e5 banan. Visst \u00e4r den kr\u00e4vande, men faktiskt inte lika kr\u00e4vande som jag hade f\u00f6rv\u00e4ntat mig. Exakt hur l\u00e5ngsam den \u00e4r vet vi f\u00f6rst n\u00e4r &hellip; <a href=\"http:\/\/www.galoppbilder.se\/blogg\/?p=6287\" class=\"more-link\">Forts\u00e4tt l\u00e4sa<span class=\"screen-reader-text\"> \u201dRiktig vinter!\u201d<\/span><\/a><\/p>\n","protected":false},"author":5,"featured_media":0,"comment_status":"open","ping_status":"open","sticky":false,"template":"","format":"standard","meta":{"ngg_post_thumbnail":0,"footnotes":""},"categories":[5],"tags":[15,22],"class_list":["post-6287","post","type-post","status-publish","format-standard","hentry","category-smatt-och-gott","tag-taby","tag-vintergalopp"],"aioseo_notices":[],"_links":{"self":[{"href":"http:\/\/www.galoppbilder.se\/blogg\/index.php?rest_route=\/wp\/v2\/posts\/6287","targetHints":{"allow":["GET"]}}],"collection":[{"href":"http:\/\/www.galoppbilder.se\/blogg\/index.php?rest_route=\/wp\/v2\/posts"}],"about":[{"href":"http:\/\/www.galoppbilder.se\/blogg\/index.php?rest_route=\/wp\/v2\/types\/post"}],"author":[{"embeddable":true,"href":"http:\/\/www.galoppbilder.se\/blogg\/index.php?rest_route=\/wp\/v2\/users\/5"}],"replies":[{"embeddable":true,"href":"http:\/\/www.galoppbilder.se\/blogg\/index.php?rest_route=%2Fwp%2Fv2%2Fcomments&post=6287"}],"version-history":[{"count":3,"href":"http:\/\/www.galoppbilder.se\/blogg\/index.php?rest_route=\/wp\/v2\/posts\/6287\/revisions"}],"predecessor-version":[{"id":6290,"href":"http:\/\/www.galoppbilder.se\/blogg\/index.php?rest_route=\/wp\/v2\/posts\/6287\/revisions\/6290"}],"wp:attachment":[{"href":"http:\/\/www.galoppbilder.se\/blogg\/index.php?rest_route=%2Fwp%2Fv2%2Fmedia&parent=6287"}],"wp:term":[{"taxonomy":"category","embeddable":true,"href":"http:\/\/www.galoppbilder.se\/blogg\/index.php?rest_route=%2Fwp%2Fv2%2Fcategories&post=6287"},{"taxonomy":"post_tag","embeddable":true,"href":"http:\/\/www.galoppbilder.se\/blogg\/index.php?rest_route=%2Fwp%2Fv2%2Ftags&post=6287"}],"curies":[{"name":"wp","href":"https:\/\/api.w.org\/{rel}","templated":true}]}}