{"id":6292,"date":"2012-02-05T23:21:01","date_gmt":"2012-02-05T22:21:01","guid":{"rendered":"http:\/\/www.galoppbilder.se\/blogg\/?p=6292"},"modified":"2012-02-05T23:21:01","modified_gmt":"2012-02-05T22:21:01","slug":"strulsondag","status":"publish","type":"post","link":"http:\/\/www.galoppbilder.se\/blogg\/?p=6292","title":{"rendered":"Struls\u00f6ndag"},"content":{"rendered":"<p><strong>S\u00f6ndagen har inte bara varit kylig. Den har varit rej\u00e4lt strulig ocks\u00e5. ATG har haft tekniska problem och det g\u00e5r inte att ladda resultatlistor. Och av n\u00e5gon anledning g\u00e5r det inte att ladda upp bilder p\u00e5 Svensk Galopps Facebook-sida.<\/strong><\/p>\n<p>Nu \u00e4r klockan 23 och jag har varit ig\u00e5ng sedan klockan nio i morse. \u00d6gonlocken b\u00f6rjar k\u00e4nnas tunga. S\u00e5 jag st\u00e4nger butiken och hoppas p\u00e5 b\u00e4ttre lycka i morgon.<\/p>\n","protected":false},"excerpt":{"rendered":"<p>S\u00f6ndagen har inte bara varit kylig. Den har varit rej\u00e4lt strulig ocks\u00e5. ATG har haft tekniska problem och det g\u00e5r inte att ladda resultatlistor. Och av n\u00e5gon anledning g\u00e5r det inte att ladda upp bilder p\u00e5 Svensk Galopps Facebook-sida. Nu \u00e4r klockan 23 och jag har varit ig\u00e5ng sedan klockan nio i morse. \u00d6gonlocken b\u00f6rjar &hellip; <a href=\"http:\/\/www.galoppbilder.se\/blogg\/?p=6292\" class=\"more-link\">Forts\u00e4tt l\u00e4sa<span class=\"screen-reader-text\"> \u201dStruls\u00f6ndag\u201d<\/span><\/a><\/p>\n","protected":false},"author":5,"featured_media":0,"comment_status":"open","ping_status":"open","sticky":false,"template":"","format":"standard","meta":{"ngg_post_thumbnail":0,"footnotes":""},"categories":[1],"tags":[35],"class_list":["post-6292","post","type-post","status-publish","format-standard","hentry","category-diverse","tag-arbetsdagen"],"aioseo_notices":[],"_links":{"self":[{"href":"http:\/\/www.galoppbilder.se\/blogg\/index.php?rest_route=\/wp\/v2\/posts\/6292","targetHints":{"allow":["GET"]}}],"collection":[{"href":"http:\/\/www.galoppbilder.se\/blogg\/index.php?rest_route=\/wp\/v2\/posts"}],"about":[{"href":"http:\/\/www.galoppbilder.se\/blogg\/index.php?rest_route=\/wp\/v2\/types\/post"}],"author":[{"embeddable":true,"href":"http:\/\/www.galoppbilder.se\/blogg\/index.php?rest_route=\/wp\/v2\/users\/5"}],"replies":[{"embeddable":true,"href":"http:\/\/www.galoppbilder.se\/blogg\/index.php?rest_route=%2Fwp%2Fv2%2Fcomments&post=6292"}],"version-history":[{"count":2,"href":"http:\/\/www.galoppbilder.se\/blogg\/index.php?rest_route=\/wp\/v2\/posts\/6292\/revisions"}],"predecessor-version":[{"id":6295,"href":"http:\/\/www.galoppbilder.se\/blogg\/index.php?rest_route=\/wp\/v2\/posts\/6292\/revisions\/6295"}],"wp:attachment":[{"href":"http:\/\/www.galoppbilder.se\/blogg\/index.php?rest_route=%2Fwp%2Fv2%2Fmedia&parent=6292"}],"wp:term":[{"taxonomy":"category","embeddable":true,"href":"http:\/\/www.galoppbilder.se\/blogg\/index.php?rest_route=%2Fwp%2Fv2%2Fcategories&post=6292"},{"taxonomy":"post_tag","embeddable":true,"href":"http:\/\/www.galoppbilder.se\/blogg\/index.php?rest_route=%2Fwp%2Fv2%2Ftags&post=6292"}],"curies":[{"name":"wp","href":"https:\/\/api.w.org\/{rel}","templated":true}]}}