{"id":6325,"date":"2012-02-23T13:32:42","date_gmt":"2012-02-23T12:32:42","guid":{"rendered":"http:\/\/www.galoppbilder.se\/blogg\/?p=6325"},"modified":"2012-02-28T09:56:33","modified_gmt":"2012-02-28T08:56:33","slug":"veckan-som-gatt-2","status":"publish","type":"post","link":"http:\/\/www.galoppbilder.se\/blogg\/?p=6325","title":{"rendered":"Veckan som g\u00e5tt"},"content":{"rendered":"<p><strong>Det har tyv\u00e4rr inte blivit mycket bloggande den senaste veckan. Anledningarna \u00e4r flera. Framf\u00f6r allt handlar det om att jag har haft mycket annat att st\u00e5 i. Den g\u00e5ngna helgen var minst sagt intensiv. <\/strong><\/p>\n<p><img loading=\"lazy\" decoding=\"async\" class=\"alignnone\" src=\"http:\/\/svenskgalopp.smugmug.com\/Diverse\/Galoppgalan-2012\/i-VtpnXx2\/0\/M\/vintertrad-0254-M.jpg\" alt=\"\" width=\"600\" height=\"407\" \/><\/p>\n<p>Tidigt p\u00e5 l\u00f6rdagsmorgonen anl\u00e4nde jag till Stockholm med natt\u00e5get. Sedan satt jag p\u00e5 SG:s strategim\u00f6te hela dagen. N\u00e4r detta var slut var det bara att sl\u00e4nga p\u00e5 sig kostymen och ta t\u00e5get in till Grand Hotel f\u00f6r att jobba p\u00e5 Galoppgalan.<\/p>\n<p>N\u00e4r den officiella delen av galan var slut rundade jag av arbetsdagen med ytterligare ett par timmars efterjobb p\u00e5 hotellrummet. Klockan var nog halv tre innan jag kom i s\u00e4ng.<\/p>\n<p>P\u00e5 s\u00f6ndagen var det bara att ta nya tag. Nio lopp p\u00e5 T\u00e4by Galopp skulle b\u00e5de fotograferas och refereras.<\/p>\n<p>Lyckligtvis klaffade det mesta. Men dagar som dessa \u00f6nskar man naturligtvis att dygnet hade mer \u00e4n 24 timmar. Tyv\u00e4rr tvingas man kompromissa en hel del.<\/p>\n<p>Sedan vaknade jag dessv\u00e4rre med feber och halsont p\u00e5 m\u00e5ndagsmorgonen. Tack vare rikliga m\u00e4ngder te i kombination med intelligenta v\u00e4rktabletter lyckades f\u00e5 undan de viktigaste sakerna innan jag p\u00e5 kv\u00e4llen satte mig p\u00e5 t\u00e5get hem mot Sk\u00e5ne. Natten mellan m\u00e5ndag och tisdag sov jag n\u00e4stan 12 timmar i str\u00e4ck. Antar att jag beh\u00f6vde det\u2026<\/p>\n<p>F\u00f6r att summera helgen m\u00e5ste jag \u00e4nd\u00e5 s\u00e4ga att den var extremt lyckad. Strategim\u00f6tet var konstruktivt. Jag upplever att landets tre regioner har en samsyn kring de utmaningar galoppsporten st\u00e5r inf\u00f6r, b\u00e5de vad g\u00e4ller situationen p\u00e5 J\u00e4gersro och den nya huvudstadsbanan i Bro.<\/p>\n<p>\u00c4ven om jag \u00e4r part i m\u00e5let v\u00e5gar jag s\u00e4ga att Galoppgalan p\u00e5 Grand H\u00f4tel f\u00e5r alla tidigare upplagor att blekna. Alla jag talat med har varit v\u00e4ldigt n\u00f6ja. Suver\u00e4nt jobb av konferenciererna Anna Thelander och Per Skoglund, och inte minst festgeneralen Elisabeth Oldengren.<\/p>\n<p><iframe loading=\"lazy\" src=\"http:\/\/www.youtube.com\/embed\/8o4eElrwxfk\" frameborder=\"0\" width=\"560\" height=\"315\"><\/iframe><\/p>\n","protected":false},"excerpt":{"rendered":"<p>Det har tyv\u00e4rr inte blivit mycket bloggande den senaste veckan. Anledningarna \u00e4r flera. Framf\u00f6r allt handlar det om att jag har haft mycket annat att st\u00e5 i. Den g\u00e5ngna helgen var minst sagt intensiv. Tidigt p\u00e5 l\u00f6rdagsmorgonen anl\u00e4nde jag till Stockholm med natt\u00e5get. Sedan satt jag p\u00e5 SG:s strategim\u00f6te hela dagen. N\u00e4r detta var slut &hellip; <a href=\"http:\/\/www.galoppbilder.se\/blogg\/?p=6325\" class=\"more-link\">Forts\u00e4tt l\u00e4sa<span class=\"screen-reader-text\"> \u201dVeckan som g\u00e5tt\u201d<\/span><\/a><\/p>\n","protected":false},"author":5,"featured_media":0,"comment_status":"open","ping_status":"open","sticky":false,"template":"","format":"standard","meta":{"ngg_post_thumbnail":0,"footnotes":""},"categories":[5],"tags":[35,55],"class_list":["post-6325","post","type-post","status-publish","format-standard","hentry","category-smatt-och-gott","tag-arbetsdagen","tag-fest"],"aioseo_notices":[],"_links":{"self":[{"href":"http:\/\/www.galoppbilder.se\/blogg\/index.php?rest_route=\/wp\/v2\/posts\/6325","targetHints":{"allow":["GET"]}}],"collection":[{"href":"http:\/\/www.galoppbilder.se\/blogg\/index.php?rest_route=\/wp\/v2\/posts"}],"about":[{"href":"http:\/\/www.galoppbilder.se\/blogg\/index.php?rest_route=\/wp\/v2\/types\/post"}],"author":[{"embeddable":true,"href":"http:\/\/www.galoppbilder.se\/blogg\/index.php?rest_route=\/wp\/v2\/users\/5"}],"replies":[{"embeddable":true,"href":"http:\/\/www.galoppbilder.se\/blogg\/index.php?rest_route=%2Fwp%2Fv2%2Fcomments&post=6325"}],"version-history":[{"count":5,"href":"http:\/\/www.galoppbilder.se\/blogg\/index.php?rest_route=\/wp\/v2\/posts\/6325\/revisions"}],"predecessor-version":[{"id":6330,"href":"http:\/\/www.galoppbilder.se\/blogg\/index.php?rest_route=\/wp\/v2\/posts\/6325\/revisions\/6330"}],"wp:attachment":[{"href":"http:\/\/www.galoppbilder.se\/blogg\/index.php?rest_route=%2Fwp%2Fv2%2Fmedia&parent=6325"}],"wp:term":[{"taxonomy":"category","embeddable":true,"href":"http:\/\/www.galoppbilder.se\/blogg\/index.php?rest_route=%2Fwp%2Fv2%2Fcategories&post=6325"},{"taxonomy":"post_tag","embeddable":true,"href":"http:\/\/www.galoppbilder.se\/blogg\/index.php?rest_route=%2Fwp%2Fv2%2Ftags&post=6325"}],"curies":[{"name":"wp","href":"https:\/\/api.w.org\/{rel}","templated":true}]}}