{"id":6384,"date":"2012-04-18T22:53:01","date_gmt":"2012-04-18T20:53:01","guid":{"rendered":"http:\/\/www.galoppbilder.se\/blogg\/?p=6384"},"modified":"2012-04-18T22:56:32","modified_gmt":"2012-04-18T20:56:32","slug":"det-gar-bra-nu","status":"publish","type":"post","link":"http:\/\/www.galoppbilder.se\/blogg\/?p=6384","title":{"rendered":"Det g\u00e5r bra nu!"},"content":{"rendered":"<p><strong>V\u00e5rsol, stor publik och vackra fullblod. T\u00e4nk om alla onsdagar p\u00e5 kappl\u00f6pningsbanan kunde vara lika trevliga som idag.<\/strong><\/p>\n<p><img loading=\"lazy\" decoding=\"async\" class=\" wp-image-6385 alignnone\" title=\"cheerful\" src=\"http:\/\/www.galoppbilder.se\/blogg\/wp-content\/uploads\/2012\/04\/cheerful.jpg\" alt=\"\" width=\"600\" height=\"482\" srcset=\"http:\/\/www.galoppbilder.se\/blogg\/wp-content\/uploads\/2012\/04\/cheerful.jpg 600w, http:\/\/www.galoppbilder.se\/blogg\/wp-content\/uploads\/2012\/04\/cheerful-300x241.jpg 300w\" sizes=\"auto, (max-width: 709px) 85vw, (max-width: 909px) 67vw, (max-width: 984px) 61vw, (max-width: 1362px) 45vw, 600px\" \/><br \/>\nTrots att det gn\u00e4llts ordentligt p\u00e5 sina h\u00e5ll den senaste tiden k\u00e4nns det \u00e4nd\u00e5 som om v\u00e4ldigt mycket g\u00e5r r\u00e4tt v\u00e4g i v\u00e5r sport just nu. Oms\u00e4ttningssiffrorna b\u00f6rjar bli riktigt upplyftande och v\u00e5ra riksgalopp\u00f6rer lever gott och v\u00e4l upp till f\u00f6rv\u00e4ntningarna kappl\u00f6pningsovalerna. Ibland gl\u00f6mmer jag n\u00e4stan bort att jag sj\u00e4lv har en liten andel i varje h\u00e4st.<\/p>\n<p>Whatyoucallit vann som ett b\u00f6sskott p\u00e5 J\u00e4gersro f\u00f6r tv\u00e5 veckor sedan och idag var det dags f\u00f6r Cheerful Giver att bes\u00f6ka vinnarcirkeln efter en helgjuten insats under Per-Anders. Riktigt kul!<\/p>\n<p>Men nu \u00e4r jag enormt tr\u00f6tt efter en v\u00e4ldigt l\u00e5ng dag. Vill passa p\u00e5 att be om urs\u00e4kt f\u00f6r att jag inte hunnit ladda upp bonusbilder fr\u00e5n de senaste t\u00e4vlingsdagarna. Jag har faktiskt m\u00e5nga bilder p\u00e5 lager. Det brukar inte ta mer \u00e4n en knapp timme att fixa till och ladda bonusbilderna fr\u00e5n en t\u00e4vlingsdag. Det sv\u00e5ra \u00e4r bara att hitta den timmen.<\/p>\n","protected":false},"excerpt":{"rendered":"<p>V\u00e5rsol, stor publik och vackra fullblod. T\u00e4nk om alla onsdagar p\u00e5 kappl\u00f6pningsbanan kunde vara lika trevliga som idag. Trots att det gn\u00e4llts ordentligt p\u00e5 sina h\u00e5ll den senaste tiden k\u00e4nns det \u00e4nd\u00e5 som om v\u00e4ldigt mycket g\u00e5r r\u00e4tt v\u00e4g i v\u00e5r sport just nu. Oms\u00e4ttningssiffrorna b\u00f6rjar bli riktigt upplyftande och v\u00e5ra riksgalopp\u00f6rer lever gott och &hellip; <a href=\"http:\/\/www.galoppbilder.se\/blogg\/?p=6384\" class=\"more-link\">Forts\u00e4tt l\u00e4sa<span class=\"screen-reader-text\"> \u201dDet g\u00e5r bra nu!\u201d<\/span><\/a><\/p>\n","protected":false},"author":5,"featured_media":0,"comment_status":"open","ping_status":"open","sticky":false,"template":"","format":"standard","meta":{"ngg_post_thumbnail":0,"footnotes":""},"categories":[5],"tags":[35,98,15],"class_list":["post-6384","post","type-post","status-publish","format-standard","hentry","category-smatt-och-gott","tag-arbetsdagen","tag-riksgaloppen","tag-taby"],"aioseo_notices":[],"_links":{"self":[{"href":"http:\/\/www.galoppbilder.se\/blogg\/index.php?rest_route=\/wp\/v2\/posts\/6384","targetHints":{"allow":["GET"]}}],"collection":[{"href":"http:\/\/www.galoppbilder.se\/blogg\/index.php?rest_route=\/wp\/v2\/posts"}],"about":[{"href":"http:\/\/www.galoppbilder.se\/blogg\/index.php?rest_route=\/wp\/v2\/types\/post"}],"author":[{"embeddable":true,"href":"http:\/\/www.galoppbilder.se\/blogg\/index.php?rest_route=\/wp\/v2\/users\/5"}],"replies":[{"embeddable":true,"href":"http:\/\/www.galoppbilder.se\/blogg\/index.php?rest_route=%2Fwp%2Fv2%2Fcomments&post=6384"}],"version-history":[{"count":5,"href":"http:\/\/www.galoppbilder.se\/blogg\/index.php?rest_route=\/wp\/v2\/posts\/6384\/revisions"}],"predecessor-version":[{"id":6391,"href":"http:\/\/www.galoppbilder.se\/blogg\/index.php?rest_route=\/wp\/v2\/posts\/6384\/revisions\/6391"}],"wp:attachment":[{"href":"http:\/\/www.galoppbilder.se\/blogg\/index.php?rest_route=%2Fwp%2Fv2%2Fmedia&parent=6384"}],"wp:term":[{"taxonomy":"category","embeddable":true,"href":"http:\/\/www.galoppbilder.se\/blogg\/index.php?rest_route=%2Fwp%2Fv2%2Fcategories&post=6384"},{"taxonomy":"post_tag","embeddable":true,"href":"http:\/\/www.galoppbilder.se\/blogg\/index.php?rest_route=%2Fwp%2Fv2%2Ftags&post=6384"}],"curies":[{"name":"wp","href":"https:\/\/api.w.org\/{rel}","templated":true}]}}