{"id":6398,"date":"2012-04-27T23:11:19","date_gmt":"2012-04-27T21:11:19","guid":{"rendered":"http:\/\/www.galoppbilder.se\/blogg\/?p=6398"},"modified":"2012-04-27T23:12:30","modified_gmt":"2012-04-27T21:12:30","slug":"ett-trakigt-besked","status":"publish","type":"post","link":"http:\/\/www.galoppbilder.se\/blogg\/?p=6398","title":{"rendered":"Ett tr\u00e5kigt besked"},"content":{"rendered":"<p><strong>Som alla s\u00e4kert har noterat vid det h\u00e4r laget meddelade v\u00e5r VD tidigare idag att han har best\u00e4mt sig f\u00f6r att sluta sitt uppdrag. Jag kan inte p\u00e5st\u00e5 att beskedet var helt ov\u00e4ntat. Men det inneb\u00e4r inte att det k\u00e4nns mindre tungt. <\/strong><\/p>\n<p>Jag vet mer \u00e4n v\u00e4l att Gunnar har f\u00e5tt utst\u00e5 mycket negativ kritik fr\u00e5n m\u00e5nga h\u00e5ll de senaste \u00e5ren. Of\u00f6rsk\u00e4mt mycket kritik vill jag p\u00e5st\u00e5. F\u00f6r mig personligen har han varit en synnerligen god och trevlig medarbetare. Och jag \u00e4r \u00f6vertygad om att m\u00e5nga av mina kollegor kan skriva under p\u00e5 det. En optimist av s\u00e4llan sk\u00e5dat slag. En inspirat\u00f6r med en entrepren\u00f6rsanda av stora m\u00e5tt. Egentligen exakt en s\u00e5dan kraft v\u00e5r sport beh\u00f6ver men kanske (eller bevisligen) inte \u00e4r helt mogen f\u00f6r.<\/p>\n<p>Jag kan sj\u00e4lv k\u00e4nna igen mig i mycket av det som Gunnar skriver i sin v\u00e4ldigt personliga redog\u00f6relse till varf\u00f6r han tagit beslutet att l\u00e4mna VD-posten. Speciellt det d\u00e4r om att livet uteslutande handlar om galopp. F\u00f6r precis s\u00e5 \u00e4r det. Du vaknar med jobb i tankarna och sl\u00e4pper det inte f\u00f6rr\u00e4n du somnar sent p\u00e5 kv\u00e4llen. Det finns liksom inte plats f\u00f6r n\u00e5got annat i livet.<\/p>\n<p>De stunder som jag k\u00e4nt mig extra pressad och otillr\u00e4cklig har Gunnars optimism och entusiasm alltid haft en positiv och lugnande inverkan p\u00e5 mig. Ofta har det r\u00e4ckt med ett kort telefonsamtal f\u00f6r att finna lite ny energi och arbetsgl\u00e4dje. Det \u00e4r mycket tack vare honom jag har orkat jobba vidare n\u00e4r arbetsbelastningen varit som v\u00e4rst.<\/p>\n<p>Hur det blir nu vet jag faktiskt inte. Om jag ska vara helt \u00e4rlig har jag inte hunnit fundera s\u00e5 mycket p\u00e5 saken. Om en m\u00e5nad vet jag kanske mer\u2026<\/p>\n","protected":false},"excerpt":{"rendered":"<p>Som alla s\u00e4kert har noterat vid det h\u00e4r laget meddelade v\u00e5r VD tidigare idag att han har best\u00e4mt sig f\u00f6r att sluta sitt uppdrag. Jag kan inte p\u00e5st\u00e5 att beskedet var helt ov\u00e4ntat. Men det inneb\u00e4r inte att det k\u00e4nns mindre tungt. Jag vet mer \u00e4n v\u00e4l att Gunnar har f\u00e5tt utst\u00e5 mycket negativ kritik &hellip; <a href=\"http:\/\/www.galoppbilder.se\/blogg\/?p=6398\" class=\"more-link\">Forts\u00e4tt l\u00e4sa<span class=\"screen-reader-text\"> \u201dEtt tr\u00e5kigt besked\u201d<\/span><\/a><\/p>\n","protected":false},"author":5,"featured_media":0,"comment_status":"open","ping_status":"open","sticky":false,"template":"","format":"standard","meta":{"ngg_post_thumbnail":0,"footnotes":""},"categories":[1],"tags":[],"class_list":["post-6398","post","type-post","status-publish","format-standard","hentry","category-diverse"],"aioseo_notices":[],"_links":{"self":[{"href":"http:\/\/www.galoppbilder.se\/blogg\/index.php?rest_route=\/wp\/v2\/posts\/6398","targetHints":{"allow":["GET"]}}],"collection":[{"href":"http:\/\/www.galoppbilder.se\/blogg\/index.php?rest_route=\/wp\/v2\/posts"}],"about":[{"href":"http:\/\/www.galoppbilder.se\/blogg\/index.php?rest_route=\/wp\/v2\/types\/post"}],"author":[{"embeddable":true,"href":"http:\/\/www.galoppbilder.se\/blogg\/index.php?rest_route=\/wp\/v2\/users\/5"}],"replies":[{"embeddable":true,"href":"http:\/\/www.galoppbilder.se\/blogg\/index.php?rest_route=%2Fwp%2Fv2%2Fcomments&post=6398"}],"version-history":[{"count":3,"href":"http:\/\/www.galoppbilder.se\/blogg\/index.php?rest_route=\/wp\/v2\/posts\/6398\/revisions"}],"predecessor-version":[{"id":6401,"href":"http:\/\/www.galoppbilder.se\/blogg\/index.php?rest_route=\/wp\/v2\/posts\/6398\/revisions\/6401"}],"wp:attachment":[{"href":"http:\/\/www.galoppbilder.se\/blogg\/index.php?rest_route=%2Fwp%2Fv2%2Fmedia&parent=6398"}],"wp:term":[{"taxonomy":"category","embeddable":true,"href":"http:\/\/www.galoppbilder.se\/blogg\/index.php?rest_route=%2Fwp%2Fv2%2Fcategories&post=6398"},{"taxonomy":"post_tag","embeddable":true,"href":"http:\/\/www.galoppbilder.se\/blogg\/index.php?rest_route=%2Fwp%2Fv2%2Ftags&post=6398"}],"curies":[{"name":"wp","href":"https:\/\/api.w.org\/{rel}","templated":true}]}}