{"id":6402,"date":"2012-05-06T23:49:32","date_gmt":"2012-05-06T21:49:32","guid":{"rendered":"http:\/\/www.galoppbilder.se\/blogg\/?p=6402"},"modified":"2012-05-06T23:50:11","modified_gmt":"2012-05-06T21:50:11","slug":"fran-en-galoppvecka-till-en-annan","status":"publish","type":"post","link":"http:\/\/www.galoppbilder.se\/blogg\/?p=6402","title":{"rendered":"Fr\u00e5n en galoppvecka till en annan"},"content":{"rendered":"<p><strong>S\u00f6ndagen b\u00f6rjar s\u00e5 sm\u00e5tt \u00f6verg\u00e5 i natt. En h\u00e4ndelserik galoppvecka \u00e4r till \u00e4nda och en ny tar snart vid. <\/strong><\/p>\n<p><img loading=\"lazy\" decoding=\"async\" class=\"alignnone size-full wp-image-6403\" title=\"J\u00e4gersro 6 maj\" src=\"http:\/\/www.galoppbilder.se\/blogg\/wp-content\/uploads\/2012\/05\/quattro462.jpg\" alt=\"\" width=\"600\" height=\"259\" srcset=\"http:\/\/www.galoppbilder.se\/blogg\/wp-content\/uploads\/2012\/05\/quattro462.jpg 600w, http:\/\/www.galoppbilder.se\/blogg\/wp-content\/uploads\/2012\/05\/quattro462-300x129.jpg 300w\" sizes=\"auto, (max-width: 709px) 85vw, (max-width: 909px) 67vw, (max-width: 984px) 61vw, (max-width: 1362px) 45vw, 600px\" \/><\/p>\n<p>Ofta \u00f6nskar jag att jag kunde summera mina arbetsdagar p\u00e5 ett b\u00e4ttre s\u00e4tt och ber\u00e4tta om allt jag sysslar med h\u00e4r p\u00e5 bloggen. Men efter att ha sprungit runt p\u00e5 galoppbanan i fem timmar och sedan spenderat lika l\u00e5ng tid framf\u00f6r datorn med att ladda upp bilder och skriva referat k\u00e4nns huvudet ganska tomt. Det \u00e4r den fr\u00e4msta anledningen till att bloggposterna inte blir alltf\u00f6r regelbundna.<\/p>\n","protected":false},"excerpt":{"rendered":"<p>S\u00f6ndagen b\u00f6rjar s\u00e5 sm\u00e5tt \u00f6verg\u00e5 i natt. En h\u00e4ndelserik galoppvecka \u00e4r till \u00e4nda och en ny tar snart vid. Ofta \u00f6nskar jag att jag kunde summera mina arbetsdagar p\u00e5 ett b\u00e4ttre s\u00e4tt och ber\u00e4tta om allt jag sysslar med h\u00e4r p\u00e5 bloggen. Men efter att ha sprungit runt p\u00e5 galoppbanan i fem timmar och sedan &hellip; <a href=\"http:\/\/www.galoppbilder.se\/blogg\/?p=6402\" class=\"more-link\">Forts\u00e4tt l\u00e4sa<span class=\"screen-reader-text\"> \u201dFr\u00e5n en galoppvecka till en annan\u201d<\/span><\/a><\/p>\n","protected":false},"author":5,"featured_media":0,"comment_status":"open","ping_status":"open","sticky":false,"template":"","format":"standard","meta":{"ngg_post_thumbnail":0,"footnotes":""},"categories":[5],"tags":[35],"class_list":["post-6402","post","type-post","status-publish","format-standard","hentry","category-smatt-och-gott","tag-arbetsdagen"],"aioseo_notices":[],"_links":{"self":[{"href":"http:\/\/www.galoppbilder.se\/blogg\/index.php?rest_route=\/wp\/v2\/posts\/6402","targetHints":{"allow":["GET"]}}],"collection":[{"href":"http:\/\/www.galoppbilder.se\/blogg\/index.php?rest_route=\/wp\/v2\/posts"}],"about":[{"href":"http:\/\/www.galoppbilder.se\/blogg\/index.php?rest_route=\/wp\/v2\/types\/post"}],"author":[{"embeddable":true,"href":"http:\/\/www.galoppbilder.se\/blogg\/index.php?rest_route=\/wp\/v2\/users\/5"}],"replies":[{"embeddable":true,"href":"http:\/\/www.galoppbilder.se\/blogg\/index.php?rest_route=%2Fwp%2Fv2%2Fcomments&post=6402"}],"version-history":[{"count":2,"href":"http:\/\/www.galoppbilder.se\/blogg\/index.php?rest_route=\/wp\/v2\/posts\/6402\/revisions"}],"predecessor-version":[{"id":6405,"href":"http:\/\/www.galoppbilder.se\/blogg\/index.php?rest_route=\/wp\/v2\/posts\/6402\/revisions\/6405"}],"wp:attachment":[{"href":"http:\/\/www.galoppbilder.se\/blogg\/index.php?rest_route=%2Fwp%2Fv2%2Fmedia&parent=6402"}],"wp:term":[{"taxonomy":"category","embeddable":true,"href":"http:\/\/www.galoppbilder.se\/blogg\/index.php?rest_route=%2Fwp%2Fv2%2Fcategories&post=6402"},{"taxonomy":"post_tag","embeddable":true,"href":"http:\/\/www.galoppbilder.se\/blogg\/index.php?rest_route=%2Fwp%2Fv2%2Ftags&post=6402"}],"curies":[{"name":"wp","href":"https:\/\/api.w.org\/{rel}","templated":true}]}}