{"id":6410,"date":"2012-05-23T19:06:37","date_gmt":"2012-05-23T17:06:37","guid":{"rendered":"http:\/\/www.galoppbilder.se\/blogg\/?p=6410"},"modified":"2012-05-23T19:06:37","modified_gmt":"2012-05-23T17:06:37","slug":"sommar","status":"publish","type":"post","link":"http:\/\/www.galoppbilder.se\/blogg\/?p=6410","title":{"rendered":"Sommar"},"content":{"rendered":"<p><img loading=\"lazy\" decoding=\"async\" class=\"alignnone size-full wp-image-6411\" title=\"sommar1462\" src=\"http:\/\/www.galoppbilder.se\/blogg\/wp-content\/uploads\/2012\/05\/sommar1462.jpg\" alt=\"\" width=\"600\" height=\"403\" srcset=\"http:\/\/www.galoppbilder.se\/blogg\/wp-content\/uploads\/2012\/05\/sommar1462.jpg 600w, http:\/\/www.galoppbilder.se\/blogg\/wp-content\/uploads\/2012\/05\/sommar1462-300x201.jpg 300w\" sizes=\"auto, (max-width: 709px) 85vw, (max-width: 909px) 67vw, (max-width: 984px) 61vw, (max-width: 1362px) 45vw, 600px\" \/><br \/>\nIdag visade termometern +25 grader. S\u00e5dana dagar \u00e4r ganska behagligt att springa runt p\u00e5 kappl\u00f6pningsbanan. I synnerhet n\u00e4r det bara rids fem lopp.<br \/>\nP\u00e5 tal om sommar s\u00e5 \u00e4r det s\u00e4kert m\u00e5nga d\u00e4r ute som b\u00f6rjat r\u00e4kna ner inf\u00f6r semestern. Sj\u00e4lv kan jag knappt minnas n\u00e4r jag hade semester senast. Det var i vilket fall v\u00e4ldigt m\u00e5nga \u00e5r sedan! Det \u00e4r inte s\u00e5 l\u00e4tt att unna sig en s\u00e5dan lyx n\u00e4r man \u00e4r egenf\u00f6retagare.<br \/>\nD\u00e4remot har jag lovat mig sj\u00e4lv att dra ner lite antalet arbetstimmar per vecka. Och unna mig fler lediga stunder. \u00c4ven om det i praktiken bara kommer att bli n\u00e5gra timmar d\u00e5 och d\u00e5. Jag har jobbat p\u00e5 tok f\u00f6r mycket de senaste 2,5 \u00e5ren. S\u00e5 \u00e4r det bara!<\/p>\n","protected":false},"excerpt":{"rendered":"<p>Idag visade termometern +25 grader. S\u00e5dana dagar \u00e4r ganska behagligt att springa runt p\u00e5 kappl\u00f6pningsbanan. I synnerhet n\u00e4r det bara rids fem lopp. P\u00e5 tal om sommar s\u00e5 \u00e4r det s\u00e4kert m\u00e5nga d\u00e4r ute som b\u00f6rjat r\u00e4kna ner inf\u00f6r semestern. Sj\u00e4lv kan jag knappt minnas n\u00e4r jag hade semester senast. Det var i vilket fall &hellip; <a href=\"http:\/\/www.galoppbilder.se\/blogg\/?p=6410\" class=\"more-link\">Forts\u00e4tt l\u00e4sa<span class=\"screen-reader-text\"> \u201dSommar\u201d<\/span><\/a><\/p>\n","protected":false},"author":5,"featured_media":0,"comment_status":"open","ping_status":"open","sticky":false,"template":"","format":"standard","meta":{"ngg_post_thumbnail":0,"footnotes":""},"categories":[5],"tags":[35],"class_list":["post-6410","post","type-post","status-publish","format-standard","hentry","category-smatt-och-gott","tag-arbetsdagen"],"aioseo_notices":[],"_links":{"self":[{"href":"http:\/\/www.galoppbilder.se\/blogg\/index.php?rest_route=\/wp\/v2\/posts\/6410","targetHints":{"allow":["GET"]}}],"collection":[{"href":"http:\/\/www.galoppbilder.se\/blogg\/index.php?rest_route=\/wp\/v2\/posts"}],"about":[{"href":"http:\/\/www.galoppbilder.se\/blogg\/index.php?rest_route=\/wp\/v2\/types\/post"}],"author":[{"embeddable":true,"href":"http:\/\/www.galoppbilder.se\/blogg\/index.php?rest_route=\/wp\/v2\/users\/5"}],"replies":[{"embeddable":true,"href":"http:\/\/www.galoppbilder.se\/blogg\/index.php?rest_route=%2Fwp%2Fv2%2Fcomments&post=6410"}],"version-history":[{"count":1,"href":"http:\/\/www.galoppbilder.se\/blogg\/index.php?rest_route=\/wp\/v2\/posts\/6410\/revisions"}],"predecessor-version":[{"id":6412,"href":"http:\/\/www.galoppbilder.se\/blogg\/index.php?rest_route=\/wp\/v2\/posts\/6410\/revisions\/6412"}],"wp:attachment":[{"href":"http:\/\/www.galoppbilder.se\/blogg\/index.php?rest_route=%2Fwp%2Fv2%2Fmedia&parent=6410"}],"wp:term":[{"taxonomy":"category","embeddable":true,"href":"http:\/\/www.galoppbilder.se\/blogg\/index.php?rest_route=%2Fwp%2Fv2%2Fcategories&post=6410"},{"taxonomy":"post_tag","embeddable":true,"href":"http:\/\/www.galoppbilder.se\/blogg\/index.php?rest_route=%2Fwp%2Fv2%2Ftags&post=6410"}],"curies":[{"name":"wp","href":"https:\/\/api.w.org\/{rel}","templated":true}]}}