{"id":6413,"date":"2012-06-24T22:52:54","date_gmt":"2012-06-24T20:52:54","guid":{"rendered":"http:\/\/www.galoppbilder.se\/blogg\/?p=6413"},"modified":"2012-06-24T23:04:30","modified_gmt":"2012-06-24T21:04:30","slug":"paraplydag","status":"publish","type":"post","link":"http:\/\/www.galoppbilder.se\/blogg\/?p=6413","title":{"rendered":"Paraplydag"},"content":{"rendered":"<p><img loading=\"lazy\" decoding=\"async\" class=\"alignnone size-full wp-image-6414\" title=\"Paraplydag\" src=\"http:\/\/www.galoppbilder.se\/blogg\/wp-content\/uploads\/2012\/06\/paraplydag3987.jpg\" alt=\"\" width=\"600\" height=\"413\" srcset=\"http:\/\/www.galoppbilder.se\/blogg\/wp-content\/uploads\/2012\/06\/paraplydag3987.jpg 600w, http:\/\/www.galoppbilder.se\/blogg\/wp-content\/uploads\/2012\/06\/paraplydag3987-300x206.jpg 300w\" sizes=\"auto, (max-width: 709px) 85vw, (max-width: 909px) 67vw, (max-width: 984px) 61vw, (max-width: 1362px) 45vw, 600px\" \/><br \/>\nJag tycker att den h\u00e4r bilden ganska v\u00e4l illustrerar den Danska Derbydagen 2012. Mycket tr\u00e5kigt f\u00f6r arrang\u00f6ren som s\u00e4kert tappade h\u00e4lften av den f\u00f6rv\u00e4ntade publiken. Samma visa p\u00e5 Str\u00f6msholm f\u00f6rra s\u00f6ndagen. Vi (eller kanske jag) har helt enkelt ingen tur med v\u00e4rdet just nu.<\/p>\n<p>Nu \u00e4r klockan snart 11 och jag t\u00e4nkte sl\u00e4cka ner datorn f\u00f6r ikv\u00e4ll. I vanlig ordning l\u00e4r jag v\u00e4l inte hinna skicka upp n\u00e5gra bonusbilder fr\u00e5n dagen. Andra arbetsuppgifter kommer st\u00e4ndigt i v\u00e4gen. S\u00e5 har det i vilket fall varit de senaste veckorna. Men ni hittar som vanligt ett helt g\u00e4ng vinnarbilder p\u00e5 <a href=\"http:\/\/svenskgalopp.smugmug.com\/Tvlingsdagar\/Klampenborg-120624\/23754034_pNdDk2\" target=\"_blank\">smugmug.com<\/a>. Och referatet fr\u00e5n t\u00e4vlingsdagen <a href=\"http:\/\/www.svenskgalopp.se\/sg\/nyheter-skg\/nyheter\/1734-dubbelt-castro-i-dansk-derby.html\" target=\"_blank\">hittar ni h\u00e4r<\/a>.<\/p>\n","protected":false},"excerpt":{"rendered":"<p>Jag tycker att den h\u00e4r bilden ganska v\u00e4l illustrerar den Danska Derbydagen 2012. Mycket tr\u00e5kigt f\u00f6r arrang\u00f6ren som s\u00e4kert tappade h\u00e4lften av den f\u00f6rv\u00e4ntade publiken. Samma visa p\u00e5 Str\u00f6msholm f\u00f6rra s\u00f6ndagen. Vi (eller kanske jag) har helt enkelt ingen tur med v\u00e4rdet just nu. Nu \u00e4r klockan snart 11 och jag t\u00e4nkte sl\u00e4cka ner datorn &hellip; <a href=\"http:\/\/www.galoppbilder.se\/blogg\/?p=6413\" class=\"more-link\">Forts\u00e4tt l\u00e4sa<span class=\"screen-reader-text\"> \u201dParaplydag\u201d<\/span><\/a><\/p>\n","protected":false},"author":5,"featured_media":0,"comment_status":"open","ping_status":"open","sticky":false,"template":"","format":"standard","meta":{"ngg_post_thumbnail":0,"footnotes":""},"categories":[1],"tags":[35,68],"class_list":["post-6413","post","type-post","status-publish","format-standard","hentry","category-diverse","tag-arbetsdagen","tag-klampenborg"],"aioseo_notices":[],"_links":{"self":[{"href":"http:\/\/www.galoppbilder.se\/blogg\/index.php?rest_route=\/wp\/v2\/posts\/6413","targetHints":{"allow":["GET"]}}],"collection":[{"href":"http:\/\/www.galoppbilder.se\/blogg\/index.php?rest_route=\/wp\/v2\/posts"}],"about":[{"href":"http:\/\/www.galoppbilder.se\/blogg\/index.php?rest_route=\/wp\/v2\/types\/post"}],"author":[{"embeddable":true,"href":"http:\/\/www.galoppbilder.se\/blogg\/index.php?rest_route=\/wp\/v2\/users\/5"}],"replies":[{"embeddable":true,"href":"http:\/\/www.galoppbilder.se\/blogg\/index.php?rest_route=%2Fwp%2Fv2%2Fcomments&post=6413"}],"version-history":[{"count":6,"href":"http:\/\/www.galoppbilder.se\/blogg\/index.php?rest_route=\/wp\/v2\/posts\/6413\/revisions"}],"predecessor-version":[{"id":6420,"href":"http:\/\/www.galoppbilder.se\/blogg\/index.php?rest_route=\/wp\/v2\/posts\/6413\/revisions\/6420"}],"wp:attachment":[{"href":"http:\/\/www.galoppbilder.se\/blogg\/index.php?rest_route=%2Fwp%2Fv2%2Fmedia&parent=6413"}],"wp:term":[{"taxonomy":"category","embeddable":true,"href":"http:\/\/www.galoppbilder.se\/blogg\/index.php?rest_route=%2Fwp%2Fv2%2Fcategories&post=6413"},{"taxonomy":"post_tag","embeddable":true,"href":"http:\/\/www.galoppbilder.se\/blogg\/index.php?rest_route=%2Fwp%2Fv2%2Ftags&post=6413"}],"curies":[{"name":"wp","href":"https:\/\/api.w.org\/{rel}","templated":true}]}}