{"id":6585,"date":"2012-10-29T13:33:36","date_gmt":"2012-10-29T12:33:36","guid":{"rendered":"http:\/\/www.galoppbilder.se\/blogg\/?p=6585"},"modified":"2012-10-29T13:36:10","modified_gmt":"2012-10-29T12:36:10","slug":"behovet-av-en-bra-och-nara-dialog-med-galoppsportens-aktiva","status":"publish","type":"post","link":"http:\/\/www.galoppbilder.se\/blogg\/?p=6585","title":{"rendered":"Behovet av en bra och n\u00e4ra dialog med galoppsportens aktiva"},"content":{"rendered":"<p><strong>Ig\u00e5r sl\u00e4ppte tr\u00e4nare Patrick Wahl en liten bomb i galopps\u00e4ndningen i TV4 Sport. Patrick uttryckte sin oro \u00f6ver att ledningen f\u00f6r galoppsporten b\u00f6rjar tappa kontakten med tr\u00e4nark\u00e5ren. <\/strong><\/p>\n<p>Vidare ans\u00e5g han att det var olyckligt att sekretariatet och en stor del av administrationen p\u00e5 T\u00e4by Galopp flyttat in till H\u00e4stsportens hus. Patrick fick dessutom medh\u00e5ll fr\u00e5n tr\u00e4narkollegan Fredrik Reuterski\u00f6lds i studion som menade att galoppsportens ledning lever sitt eget liv och att de aktiva alltmer har b\u00f6rjat betraktats som n\u00e5got n\u00f6dv\u00e4ndigt ont.<\/p>\n<p>Argumenten kommer v\u00e4l knappast som en st\u00f6rre \u00f6verraskning. Jag har h\u00f6rt \u00e5tskilliga tr\u00e4nare klaga \u00f6ver att servicen p\u00e5 T\u00e4by Galopp blivit d\u00e5lig. F\u00f6r att f\u00f6rst\u00e5 problematiken m\u00e5ste man ta sig tre \u00e5r tillbaka i tiden d\u00e5 galoppsporten i Sverige gjorde historiens st\u00f6rsta omorganisation. S\u00e5v\u00e4l styrning, administration som ekonomi flyttade fr\u00e5n banorna och centraliserades till Svensk Galopp AB. S\u00e5 var i vilket fall tanken. Ingen beh\u00f6ver v\u00e4l p\u00e5minnas om hur situationen sett ut p\u00e5 J\u00e4gersro det senaste \u00e5ret.<\/p>\n<p>Och det \u00e4r lite h\u00e4r skon kl\u00e4mmer. Ledningen f\u00f6r Svensk Galopp ska inte bara representera EN bana utan hela galoppsporten i landet. Ska d\u00e5 ledningen (och administrationen f\u00f6r den delen) vara stationerad p\u00e5 en av landets tre permanenta banor? Personligen menar jag att det \u00e4r helt fel.<\/p>\n<p>F\u00f6rs\u00f6k har gjorts f\u00f6r att \u00f6ka dialogen med de aktiva. I svallv\u00e5gorna efter det stora outsourcing-projektet f\u00f6r drift- och underh\u00e5ll startades en samr\u00e5dsgrupp p\u00e5 T\u00e4by Galopp med representanter fr\u00e5n Svensk Galopp, proffs- och amat\u00f6rtr\u00e4narna. Jag har sj\u00e4lv varit med p\u00e5 och rapporterat fr\u00e5n ett par m\u00f6ten, dock inte alla. Problemet \u00e4r T\u00e4bys proffstr\u00e4nare endast har tv\u00e5 representanter i gruppen. \u00d6vriga tr\u00e4nare, d\u00e4ribland Patrick Wahl, upplever f\u00f6rmodligen fortfarande att de har d\u00e5lig kontakt med ledningen.<\/p>\n<p>I sak har jag f\u00f6rst\u00e5else f\u00f6r Patrick Wahls argument. Jag tror dock inte att det \u00e4r en bra l\u00f6sning att flytta tillbaka hela eller en del av administrationen till T\u00e4by Galopp. I s\u00e5 fall skulle den lika g\u00e4rna kunna flytta till J\u00e4gersro eller G\u00f6teborg. Men att det finns ett fortsatt behov av en \u00f6kad dialog mellan aktiva och ledning \u00e4r tydligt.<\/p>\n<p>Jag kan erk\u00e4nna att jag sj\u00e4lv spenderar mycket mindre tid p\u00e5 T\u00e4by Galopp efter flytten till H\u00e4stsportens Hus. Jag f\u00f6rs\u00f6ker d\u00e4remot spendera ett par dagar p\u00e5 Solvalla d\u00e5 och d\u00e5. Problemet \u00e4r bara att Svensk Galopps kontorsutrymme \u00e4r starkt begr\u00e4nsat p\u00e5 H\u00e4stsportens Hus. Att l\u00e4gga en arbetsdag i fikah\u00f6rnan k\u00e4nns inte alltid s\u00e5 lockande. Och p\u00e5 J\u00e4gersros sekretariat k\u00e4nner man sig tyv\u00e4rr inte direkt v\u00e4lkommen efter det senaste \u00e5rets turbulens. S\u00e5 de senaste m\u00e5naderna har det d\u00e4rf\u00f6r alltmer blivit s\u00e5 att jag sk\u00f6ter det mesta av jobbet fr\u00e5n kontorsrummet hemma i Lund.<\/p>\n<p>Jag vet dock att spontana bes\u00f6k ute i tr\u00e4ningsstallarna kan vara v\u00e4ldigt givande. I f\u00f6rra veckan gjorde jag till exempel tv\u00e5 fotouppdrag hos Johan Reuterski\u00f6ld och Jessica Long. I samband med dessa fanns det naturligtvis \u00e4ven tillf\u00e4lle att ventilera n\u00e5gra funderingar och id\u00e9er. Det \u00e4r vid s\u00e5dana stunder man inser hur viktigt det \u00e4r att h\u00e5lla en n\u00e4ra kontakt och dialog med de aktiva. Men kom ih\u00e5g att behovet \u00e4r \u00f6msesidigt. \u00c4ven tr\u00e4narna m\u00e5ste se utanf\u00f6r sina egna stalld\u00f6rrar f\u00f6r att m\u00f6jligg\u00f6ra en dialog om hur vi ska kunna utveckla sporten i landet.<\/p>\n","protected":false},"excerpt":{"rendered":"<p>Ig\u00e5r sl\u00e4ppte tr\u00e4nare Patrick Wahl en liten bomb i galopps\u00e4ndningen i TV4 Sport. Patrick uttryckte sin oro \u00f6ver att ledningen f\u00f6r galoppsporten b\u00f6rjar tappa kontakten med tr\u00e4nark\u00e5ren. Vidare ans\u00e5g han att det var olyckligt att sekretariatet och en stor del av administrationen p\u00e5 T\u00e4by Galopp flyttat in till H\u00e4stsportens hus. Patrick fick dessutom medh\u00e5ll fr\u00e5n &hellip; <a href=\"http:\/\/www.galoppbilder.se\/blogg\/?p=6585\" class=\"more-link\">Forts\u00e4tt l\u00e4sa<span class=\"screen-reader-text\"> \u201dBehovet av en bra och n\u00e4ra dialog med galoppsportens aktiva\u201d<\/span><\/a><\/p>\n","protected":false},"author":5,"featured_media":0,"comment_status":"open","ping_status":"closed","sticky":false,"template":"","format":"standard","meta":{"ngg_post_thumbnail":0,"footnotes":""},"categories":[1,5],"tags":[15,36],"class_list":["post-6585","post","type-post","status-publish","format-standard","hentry","category-diverse","category-smatt-och-gott","tag-taby","tag-tranare"],"aioseo_notices":[],"_links":{"self":[{"href":"http:\/\/www.galoppbilder.se\/blogg\/index.php?rest_route=\/wp\/v2\/posts\/6585","targetHints":{"allow":["GET"]}}],"collection":[{"href":"http:\/\/www.galoppbilder.se\/blogg\/index.php?rest_route=\/wp\/v2\/posts"}],"about":[{"href":"http:\/\/www.galoppbilder.se\/blogg\/index.php?rest_route=\/wp\/v2\/types\/post"}],"author":[{"embeddable":true,"href":"http:\/\/www.galoppbilder.se\/blogg\/index.php?rest_route=\/wp\/v2\/users\/5"}],"replies":[{"embeddable":true,"href":"http:\/\/www.galoppbilder.se\/blogg\/index.php?rest_route=%2Fwp%2Fv2%2Fcomments&post=6585"}],"version-history":[{"count":2,"href":"http:\/\/www.galoppbilder.se\/blogg\/index.php?rest_route=\/wp\/v2\/posts\/6585\/revisions"}],"predecessor-version":[{"id":6587,"href":"http:\/\/www.galoppbilder.se\/blogg\/index.php?rest_route=\/wp\/v2\/posts\/6585\/revisions\/6587"}],"wp:attachment":[{"href":"http:\/\/www.galoppbilder.se\/blogg\/index.php?rest_route=%2Fwp%2Fv2%2Fmedia&parent=6585"}],"wp:term":[{"taxonomy":"category","embeddable":true,"href":"http:\/\/www.galoppbilder.se\/blogg\/index.php?rest_route=%2Fwp%2Fv2%2Fcategories&post=6585"},{"taxonomy":"post_tag","embeddable":true,"href":"http:\/\/www.galoppbilder.se\/blogg\/index.php?rest_route=%2Fwp%2Fv2%2Ftags&post=6585"}],"curies":[{"name":"wp","href":"https:\/\/api.w.org\/{rel}","templated":true}]}}