{"id":6738,"date":"2012-12-02T23:22:13","date_gmt":"2012-12-02T22:22:13","guid":{"rendered":"http:\/\/www.galoppbilder.se\/blogg\/?p=6738"},"modified":"2012-12-02T23:44:59","modified_gmt":"2012-12-02T22:44:59","slug":"galopp-i-vintersolen","status":"publish","type":"post","link":"http:\/\/www.galoppbilder.se\/blogg\/?p=6738","title":{"rendered":"Galopp i vintersolen"},"content":{"rendered":"<p><a href=\"http:\/\/www.galoppbilder.se\/blogg\/wp-content\/uploads\/2012\/12\/Wind-Whistle-7569-X2.jpg\"><img loading=\"lazy\" decoding=\"async\" class=\"alignnone size-full wp-image-6739\" title=\"Wind-Whistle-7569-X2\" src=\"http:\/\/www.galoppbilder.se\/blogg\/wp-content\/uploads\/2012\/12\/Wind-Whistle-7569-X2.jpg\" alt=\"\" width=\"600\" height=\"471\" srcset=\"http:\/\/www.galoppbilder.se\/blogg\/wp-content\/uploads\/2012\/12\/Wind-Whistle-7569-X2.jpg 600w, http:\/\/www.galoppbilder.se\/blogg\/wp-content\/uploads\/2012\/12\/Wind-Whistle-7569-X2-300x235.jpg 300w, http:\/\/www.galoppbilder.se\/blogg\/wp-content\/uploads\/2012\/12\/Wind-Whistle-7569-X2-382x300.jpg 382w\" sizes=\"auto, (max-width: 709px) 85vw, (max-width: 909px) 67vw, (max-width: 984px) 61vw, (max-width: 1362px) 45vw, 600px\" \/><\/a><\/p>\n<p>Klockan \u00e4r alldeles f\u00f6r mycket och jag \u00e4r tyv\u00e4rr f\u00f6r tr\u00f6tt f\u00f6r att skriva n\u00e5got kul p\u00e5 bloggen idag. S\u00e5 jag n\u00f6jer mig med att l\u00e4gga ut en bild p\u00e5 Wind Whistle och Per-Anders fr\u00e5n dagens race. Jag vet inte vad ni tycker, sj\u00e4lv \u00e4r jag riktigt n\u00f6jd med bilden.<\/p>\n<p>I morgon b\u00f6rjar en ny fullsp\u00e4ckad arbetsvecka.<\/p>\n","protected":false},"excerpt":{"rendered":"<p>Klockan \u00e4r alldeles f\u00f6r mycket och jag \u00e4r tyv\u00e4rr f\u00f6r tr\u00f6tt f\u00f6r att skriva n\u00e5got kul p\u00e5 bloggen idag. S\u00e5 jag n\u00f6jer mig med att l\u00e4gga ut en bild p\u00e5 Wind Whistle och Per-Anders fr\u00e5n dagens race. Jag vet inte vad ni tycker, sj\u00e4lv \u00e4r jag riktigt n\u00f6jd med bilden. I morgon b\u00f6rjar en ny &hellip; <a href=\"http:\/\/www.galoppbilder.se\/blogg\/?p=6738\" class=\"more-link\">Forts\u00e4tt l\u00e4sa<span class=\"screen-reader-text\"> \u201dGalopp i vintersolen\u201d<\/span><\/a><\/p>\n","protected":false},"author":5,"featured_media":0,"comment_status":"open","ping_status":"closed","sticky":false,"template":"","format":"standard","meta":{"ngg_post_thumbnail":0,"footnotes":""},"categories":[3],"tags":[15,22],"class_list":["post-6738","post","type-post","status-publish","format-standard","hentry","category-foto","tag-taby","tag-vintergalopp"],"aioseo_notices":[],"_links":{"self":[{"href":"http:\/\/www.galoppbilder.se\/blogg\/index.php?rest_route=\/wp\/v2\/posts\/6738","targetHints":{"allow":["GET"]}}],"collection":[{"href":"http:\/\/www.galoppbilder.se\/blogg\/index.php?rest_route=\/wp\/v2\/posts"}],"about":[{"href":"http:\/\/www.galoppbilder.se\/blogg\/index.php?rest_route=\/wp\/v2\/types\/post"}],"author":[{"embeddable":true,"href":"http:\/\/www.galoppbilder.se\/blogg\/index.php?rest_route=\/wp\/v2\/users\/5"}],"replies":[{"embeddable":true,"href":"http:\/\/www.galoppbilder.se\/blogg\/index.php?rest_route=%2Fwp%2Fv2%2Fcomments&post=6738"}],"version-history":[{"count":4,"href":"http:\/\/www.galoppbilder.se\/blogg\/index.php?rest_route=\/wp\/v2\/posts\/6738\/revisions"}],"predecessor-version":[{"id":6743,"href":"http:\/\/www.galoppbilder.se\/blogg\/index.php?rest_route=\/wp\/v2\/posts\/6738\/revisions\/6743"}],"wp:attachment":[{"href":"http:\/\/www.galoppbilder.se\/blogg\/index.php?rest_route=%2Fwp%2Fv2%2Fmedia&parent=6738"}],"wp:term":[{"taxonomy":"category","embeddable":true,"href":"http:\/\/www.galoppbilder.se\/blogg\/index.php?rest_route=%2Fwp%2Fv2%2Fcategories&post=6738"},{"taxonomy":"post_tag","embeddable":true,"href":"http:\/\/www.galoppbilder.se\/blogg\/index.php?rest_route=%2Fwp%2Fv2%2Ftags&post=6738"}],"curies":[{"name":"wp","href":"https:\/\/api.w.org\/{rel}","templated":true}]}}