{"id":6744,"date":"2012-12-03T22:30:14","date_gmt":"2012-12-03T21:30:14","guid":{"rendered":"http:\/\/www.galoppbilder.se\/blogg\/?p=6744"},"modified":"2012-12-03T22:34:18","modified_gmt":"2012-12-03T21:34:18","slug":"omvaxlande-mandag","status":"publish","type":"post","link":"http:\/\/www.galoppbilder.se\/blogg\/?p=6744","title":{"rendered":"Omv\u00e4xlande m\u00e5ndag"},"content":{"rendered":"<p><strong>Fr\u00e5n -15 till +2 grader. Temperaturen v\u00e4xlar rej\u00e4lt i v\u00e5rt avl\u00e5nga land. J\u00e4mf\u00f6rt med polarkylan i Stockholm k\u00e4ndes det n\u00e4stan som lite v\u00e5r i luften n\u00e4r jag klev av t\u00e5get i Lund tidigare ikv\u00e4ll.<\/strong><\/p>\n<p>M\u00e5ndagen har spenderats p\u00e5 H\u00e4stsportens Hus. Inledde med Hippodromen-m\u00f6te med kollegorna p\u00e5 ATG och ST. Sedan har det varit fortsatt jobb och planering med SG:s nya hemsida. Det \u00e5terst\u00e5r en hel del jobb innan allt \u00e4r p\u00e5 plats. Senare p\u00e5 eftermiddagen var det dags att ta tag i s\u00f6ndagens startlistor till T\u00e4by.<\/p>\n<p>P\u00e5 t\u00e4vlingsfronten v\u00e4ntar \u00e5rets sista galoppdag p\u00e5 J\u00e4gersro p\u00e5 onsdag. Jag undrar just hur det blir med banan. F\u00f6r \u00e4ven om det \u00e4r plusgrader just nu s\u00e4ger prognosen att det ska bli -10 grader natten mellan tisdag och onsdag. Vinterbana p\u00e5 J\u00e4gersro \u00e4r inget vi sk\u00e5ningar \u00e4r vana vid.<\/p>\n","protected":false},"excerpt":{"rendered":"<p>Fr\u00e5n -15 till +2 grader. Temperaturen v\u00e4xlar rej\u00e4lt i v\u00e5rt avl\u00e5nga land. J\u00e4mf\u00f6rt med polarkylan i Stockholm k\u00e4ndes det n\u00e4stan som lite v\u00e5r i luften n\u00e4r jag klev av t\u00e5get i Lund tidigare ikv\u00e4ll. M\u00e5ndagen har spenderats p\u00e5 H\u00e4stsportens Hus. Inledde med Hippodromen-m\u00f6te med kollegorna p\u00e5 ATG och ST. Sedan har det varit fortsatt jobb &hellip; <a href=\"http:\/\/www.galoppbilder.se\/blogg\/?p=6744\" class=\"more-link\">Forts\u00e4tt l\u00e4sa<span class=\"screen-reader-text\"> \u201dOmv\u00e4xlande m\u00e5ndag\u201d<\/span><\/a><\/p>\n","protected":false},"author":5,"featured_media":0,"comment_status":"open","ping_status":"closed","sticky":false,"template":"","format":"standard","meta":{"ngg_post_thumbnail":0,"footnotes":""},"categories":[5],"tags":[35,22],"class_list":["post-6744","post","type-post","status-publish","format-standard","hentry","category-smatt-och-gott","tag-arbetsdagen","tag-vintergalopp"],"aioseo_notices":[],"_links":{"self":[{"href":"http:\/\/www.galoppbilder.se\/blogg\/index.php?rest_route=\/wp\/v2\/posts\/6744","targetHints":{"allow":["GET"]}}],"collection":[{"href":"http:\/\/www.galoppbilder.se\/blogg\/index.php?rest_route=\/wp\/v2\/posts"}],"about":[{"href":"http:\/\/www.galoppbilder.se\/blogg\/index.php?rest_route=\/wp\/v2\/types\/post"}],"author":[{"embeddable":true,"href":"http:\/\/www.galoppbilder.se\/blogg\/index.php?rest_route=\/wp\/v2\/users\/5"}],"replies":[{"embeddable":true,"href":"http:\/\/www.galoppbilder.se\/blogg\/index.php?rest_route=%2Fwp%2Fv2%2Fcomments&post=6744"}],"version-history":[{"count":3,"href":"http:\/\/www.galoppbilder.se\/blogg\/index.php?rest_route=\/wp\/v2\/posts\/6744\/revisions"}],"predecessor-version":[{"id":6746,"href":"http:\/\/www.galoppbilder.se\/blogg\/index.php?rest_route=\/wp\/v2\/posts\/6744\/revisions\/6746"}],"wp:attachment":[{"href":"http:\/\/www.galoppbilder.se\/blogg\/index.php?rest_route=%2Fwp%2Fv2%2Fmedia&parent=6744"}],"wp:term":[{"taxonomy":"category","embeddable":true,"href":"http:\/\/www.galoppbilder.se\/blogg\/index.php?rest_route=%2Fwp%2Fv2%2Fcategories&post=6744"},{"taxonomy":"post_tag","embeddable":true,"href":"http:\/\/www.galoppbilder.se\/blogg\/index.php?rest_route=%2Fwp%2Fv2%2Ftags&post=6744"}],"curies":[{"name":"wp","href":"https:\/\/api.w.org\/{rel}","templated":true}]}}