{"id":6783,"date":"2012-12-18T20:15:43","date_gmt":"2012-12-18T19:15:43","guid":{"rendered":"http:\/\/www.galoppbilder.se\/blogg\/?p=6783"},"modified":"2012-12-18T20:20:37","modified_gmt":"2012-12-18T19:20:37","slug":"vintrigt-besok-pa-onsta-gard-och-jullunch","status":"publish","type":"post","link":"http:\/\/www.galoppbilder.se\/blogg\/?p=6783","title":{"rendered":"Vintrigt bes\u00f6k p\u00e5 \u00d6nsta G\u00e5rd och jullunch"},"content":{"rendered":"<p><strong>Idag har vi haft en liten julsammankomst p\u00e5 Svensk Galopp. Strax f\u00f6re lunch begav vi oss ut till \u00d6nsta G\u00e5rd f\u00f6r en rundtur kring de vinterfagra omgivningarna som om n\u00e5gra \u00e5r ska husera landets nya huvudstadsbana. Det har h\u00e4nt en hel del sedan vi bes\u00f6kte \u00d6nsta senast.<\/strong><\/p>\n<p><a href=\"http:\/\/www.galoppbilder.se\/blogg\/wp-content\/uploads\/2012\/12\/onsta9068.jpg\"><img loading=\"lazy\" decoding=\"async\" class=\"alignnone size-full wp-image-6784\" title=\"\u00d6nsta\" src=\"http:\/\/www.galoppbilder.se\/blogg\/wp-content\/uploads\/2012\/12\/onsta9068.jpg\" alt=\"\" width=\"600\" height=\"437\" srcset=\"http:\/\/www.galoppbilder.se\/blogg\/wp-content\/uploads\/2012\/12\/onsta9068.jpg 600w, http:\/\/www.galoppbilder.se\/blogg\/wp-content\/uploads\/2012\/12\/onsta9068-300x218.jpg 300w, http:\/\/www.galoppbilder.se\/blogg\/wp-content\/uploads\/2012\/12\/onsta9068-411x300.jpg 411w\" sizes=\"auto, (max-width: 709px) 85vw, (max-width: 909px) 67vw, (max-width: 984px) 61vw, (max-width: 1362px) 45vw, 600px\" \/><\/a><\/p>\n<p>Nu vet vi t ex p\u00e5 ett ungef\u00e4r var banan, l\u00e4ktare och stallbacke ska ligga i f\u00f6rh\u00e5llande till den befintliga bebyggelsen. Dessutom har Svensk Galopp f\u00e5tt tillg\u00e5ng till ett litet mysigt hus som kommer att bli perfekt som \u201dprojektkontor\u201d de n\u00e4rmaste \u00e5ren. I samband med bes\u00f6ket tittade vi \u00e4ven in hos antikhandlaren som h\u00e5ller till i en av ladug\u00e5rdsl\u00e4ngorna.<\/p>\n<p><a href=\"http:\/\/www.galoppbilder.se\/blogg\/wp-content\/uploads\/2012\/12\/onsta9093.jpg\"><img loading=\"lazy\" decoding=\"async\" class=\"alignnone size-full wp-image-6785\" title=\"\u00d6nsta\" src=\"http:\/\/www.galoppbilder.se\/blogg\/wp-content\/uploads\/2012\/12\/onsta9093.jpg\" alt=\"\" width=\"600\" height=\"483\" srcset=\"http:\/\/www.galoppbilder.se\/blogg\/wp-content\/uploads\/2012\/12\/onsta9093.jpg 600w, http:\/\/www.galoppbilder.se\/blogg\/wp-content\/uploads\/2012\/12\/onsta9093-300x241.jpg 300w, http:\/\/www.galoppbilder.se\/blogg\/wp-content\/uploads\/2012\/12\/onsta9093-372x300.jpg 372w\" sizes=\"auto, (max-width: 709px) 85vw, (max-width: 909px) 67vw, (max-width: 984px) 61vw, (max-width: 1362px) 45vw, 600px\" \/><\/a><\/p>\n<p>D\u00e4refter korsade vi E18 och begav oss till <a href=\"http:\/\/broglasbruk.se\" target=\"_blank\">Bro Glasbruk<\/a>, ett stenkast fr\u00e5n \u00d6nsta, d\u00e4r ett digert julbord stod framdukat. Bro Glasbruk \u00e4r lite unikt med tanke p\u00e5 att glasugnarna endast drivs med naturgas fr\u00e5n n\u00e4rliggande Ragn-Sells.<\/p>\n<p><a href=\"http:\/\/www.galoppbilder.se\/blogg\/wp-content\/uploads\/2012\/12\/broglas9110.jpg\"><img loading=\"lazy\" decoding=\"async\" class=\"alignnone size-full wp-image-6786\" title=\"Bro Glas\" src=\"http:\/\/www.galoppbilder.se\/blogg\/wp-content\/uploads\/2012\/12\/broglas9110.jpg\" alt=\"\" width=\"600\" height=\"411\" srcset=\"http:\/\/www.galoppbilder.se\/blogg\/wp-content\/uploads\/2012\/12\/broglas9110.jpg 600w, http:\/\/www.galoppbilder.se\/blogg\/wp-content\/uploads\/2012\/12\/broglas9110-300x205.jpg 300w, http:\/\/www.galoppbilder.se\/blogg\/wp-content\/uploads\/2012\/12\/broglas9110-437x300.jpg 437w\" sizes=\"auto, (max-width: 709px) 85vw, (max-width: 909px) 67vw, (max-width: 984px) 61vw, (max-width: 1362px) 45vw, 600px\" \/><\/a><\/p>\n<p>Julbordet bj\u00f6d p\u00e5 m\u00e5nga delikatesser. Som sk\u00e5ning saknar man naturligtvis alltid brunk\u00e5len i den h\u00e4r delen av landet, men bortsett fr\u00e5n det fanns alla t\u00e4nkbara godsaker. Samtidigt som vi \u00e5t gick det att f\u00f6lja glasbl\u00e5sarnas hantverk vid den gl\u00f6dande ugnen, vilket skapade en varm och mysig st\u00e4mning.<\/p>\n","protected":false},"excerpt":{"rendered":"<p>Idag har vi haft en liten julsammankomst p\u00e5 Svensk Galopp. Strax f\u00f6re lunch begav vi oss ut till \u00d6nsta G\u00e5rd f\u00f6r en rundtur kring de vinterfagra omgivningarna som om n\u00e5gra \u00e5r ska husera landets nya huvudstadsbana. Det har h\u00e4nt en hel del sedan vi bes\u00f6kte \u00d6nsta senast. Nu vet vi t ex p\u00e5 ett ungef\u00e4r &hellip; <a href=\"http:\/\/www.galoppbilder.se\/blogg\/?p=6783\" class=\"more-link\">Forts\u00e4tt l\u00e4sa<span class=\"screen-reader-text\"> \u201dVintrigt bes\u00f6k p\u00e5 \u00d6nsta G\u00e5rd och jullunch\u201d<\/span><\/a><\/p>\n","protected":false},"author":5,"featured_media":0,"comment_status":"open","ping_status":"closed","sticky":false,"template":"","format":"standard","meta":{"ngg_post_thumbnail":0,"footnotes":""},"categories":[5],"tags":[35,105,116],"class_list":["post-6783","post","type-post","status-publish","format-standard","hentry","category-smatt-och-gott","tag-arbetsdagen","tag-nya-huvudstadsbanan","tag-onsta"],"aioseo_notices":[],"_links":{"self":[{"href":"http:\/\/www.galoppbilder.se\/blogg\/index.php?rest_route=\/wp\/v2\/posts\/6783","targetHints":{"allow":["GET"]}}],"collection":[{"href":"http:\/\/www.galoppbilder.se\/blogg\/index.php?rest_route=\/wp\/v2\/posts"}],"about":[{"href":"http:\/\/www.galoppbilder.se\/blogg\/index.php?rest_route=\/wp\/v2\/types\/post"}],"author":[{"embeddable":true,"href":"http:\/\/www.galoppbilder.se\/blogg\/index.php?rest_route=\/wp\/v2\/users\/5"}],"replies":[{"embeddable":true,"href":"http:\/\/www.galoppbilder.se\/blogg\/index.php?rest_route=%2Fwp%2Fv2%2Fcomments&post=6783"}],"version-history":[{"count":3,"href":"http:\/\/www.galoppbilder.se\/blogg\/index.php?rest_route=\/wp\/v2\/posts\/6783\/revisions"}],"predecessor-version":[{"id":6789,"href":"http:\/\/www.galoppbilder.se\/blogg\/index.php?rest_route=\/wp\/v2\/posts\/6783\/revisions\/6789"}],"wp:attachment":[{"href":"http:\/\/www.galoppbilder.se\/blogg\/index.php?rest_route=%2Fwp%2Fv2%2Fmedia&parent=6783"}],"wp:term":[{"taxonomy":"category","embeddable":true,"href":"http:\/\/www.galoppbilder.se\/blogg\/index.php?rest_route=%2Fwp%2Fv2%2Fcategories&post=6783"},{"taxonomy":"post_tag","embeddable":true,"href":"http:\/\/www.galoppbilder.se\/blogg\/index.php?rest_route=%2Fwp%2Fv2%2Ftags&post=6783"}],"curies":[{"name":"wp","href":"https:\/\/api.w.org\/{rel}","templated":true}]}}