{"id":6792,"date":"2013-01-01T23:43:59","date_gmt":"2013-01-01T22:43:59","guid":{"rendered":"http:\/\/www.galoppbilder.se\/blogg\/?p=6792"},"modified":"2013-01-01T23:43:59","modified_gmt":"2013-01-01T22:43:59","slug":"nagra-reflektioner-pa-arets-forsta-dag","status":"publish","type":"post","link":"http:\/\/www.galoppbilder.se\/blogg\/?p=6792","title":{"rendered":"N\u00e5gra reflektioner p\u00e5 \u00e5rets f\u00f6rsta dag"},"content":{"rendered":"<p><strong>Under jul- och ny\u00e5rsdagarna har jag haft lite tid att reflektera \u00f6ver mina drygt femton \u00e5r i galoppsporten. Framf\u00f6r allt de senaste \u00e5ren som informationskoordinator f\u00f6r Svensk Galopp. Det har varit tre extremt intensiva \u00e5r med m\u00e5nga och l\u00e5nga arbetsdagar, otaliga resor och obefintligt med ledig tid.<\/strong><\/p>\n<p>Ambitionsniv\u00e5n var extremt h\u00f6g n\u00e4r vi genomf\u00f6rde den stora omorganisationen i Svensk Galopp f\u00f6r tre \u00e5r sedan. Jag och m\u00e5nga med mig h\u00e4vdade d\u00e5 att det var galoppens st\u00f6rsta och kanske \u00e4ven sista chans att komma p\u00e5 r\u00e4tt k\u00f6l efter flera \u00e5r med fallande oms\u00e4ttning, minskad publik och obefintlig medial uppm\u00e4rksamhet. Visionen var att skapa en effektiv, demokratisk och framf\u00f6r allt \u00f6ppen organisation.<\/p>\n<p>Tillsammans lyckades vi faktiskt \u00e5stadkomma en hel del, framf\u00f6r allt under det f\u00f6rsta \u00e5ret. Tyv\u00e4rr \u00f6verskuggades dessa positiva saker ganska snart av ett antal h\u00e4ndelser som satte sporten i helt fel fokus. Jag t\u00e4nker inte minst p\u00e5 turbulensen p\u00e5 J\u00e4gersro som helt gick stick i st\u00e4v med visionen om att skapa en nationell galoppsport.<\/p>\n<p>Efter allt som h\u00e4nt kan jag tyv\u00e4rr konstatera att mitt uppdrag idag skiljer sig v\u00e4ldigt mycket fr\u00e5n hur det s\u00e5g ut n\u00e4r jag tilltr\u00e4dde posten. Utan att g\u00e5 in p\u00e5 detaljer kan jag s\u00e4ga att mitt inflytande i sporten numera \u00e4r begr\u00e4nsat. Relevant information n\u00e5r mig aldrig f\u00f6rr\u00e4n den ska offentligg\u00f6ras. I ett s\u00e5dant klimat \u00e4r det inte helt l\u00e4tt att h\u00e5lla gnistan och engagemanget vid liv.<\/p>\n<p>Hur 2013 kommer att se ut vet jag inte riktigt. Inte mer \u00e4n att det blir annorlunda och antagligen mindre omfattande \u00e4n vad det har varit fram till nu. Att det ska sparas stora pengar har v\u00e4l inte undg\u00e5tt n\u00e5gon. Och efter tre intensiva \u00e5r \u00e4r det kanske helt r\u00e4tt att dra ner lite p\u00e5 arbetstakten. Jag b\u00f6rjar dessutom f\u00e5 ett uppd\u00e4mt behov av att f\u00f6rdjupa mina kunskaper i de \u00e4mnen jag verkligen brinner f\u00f6r; digital kommunikation, sociala media och inte minst fotografi.<\/p>\n","protected":false},"excerpt":{"rendered":"<p>Under jul- och ny\u00e5rsdagarna har jag haft lite tid att reflektera \u00f6ver mina drygt femton \u00e5r i galoppsporten. Framf\u00f6r allt de senaste \u00e5ren som informationskoordinator f\u00f6r Svensk Galopp. Det har varit tre extremt intensiva \u00e5r med m\u00e5nga och l\u00e5nga arbetsdagar, otaliga resor och obefintligt med ledig tid. Ambitionsniv\u00e5n var extremt h\u00f6g n\u00e4r vi genomf\u00f6rde den &hellip; <a href=\"http:\/\/www.galoppbilder.se\/blogg\/?p=6792\" class=\"more-link\">Forts\u00e4tt l\u00e4sa<span class=\"screen-reader-text\"> \u201dN\u00e5gra reflektioner p\u00e5 \u00e5rets f\u00f6rsta dag\u201d<\/span><\/a><\/p>\n","protected":false},"author":5,"featured_media":0,"comment_status":"open","ping_status":"closed","sticky":false,"template":"","format":"standard","meta":{"ngg_post_thumbnail":0,"footnotes":""},"categories":[1],"tags":[],"class_list":["post-6792","post","type-post","status-publish","format-standard","hentry","category-diverse"],"aioseo_notices":[],"_links":{"self":[{"href":"http:\/\/www.galoppbilder.se\/blogg\/index.php?rest_route=\/wp\/v2\/posts\/6792","targetHints":{"allow":["GET"]}}],"collection":[{"href":"http:\/\/www.galoppbilder.se\/blogg\/index.php?rest_route=\/wp\/v2\/posts"}],"about":[{"href":"http:\/\/www.galoppbilder.se\/blogg\/index.php?rest_route=\/wp\/v2\/types\/post"}],"author":[{"embeddable":true,"href":"http:\/\/www.galoppbilder.se\/blogg\/index.php?rest_route=\/wp\/v2\/users\/5"}],"replies":[{"embeddable":true,"href":"http:\/\/www.galoppbilder.se\/blogg\/index.php?rest_route=%2Fwp%2Fv2%2Fcomments&post=6792"}],"version-history":[{"count":1,"href":"http:\/\/www.galoppbilder.se\/blogg\/index.php?rest_route=\/wp\/v2\/posts\/6792\/revisions"}],"predecessor-version":[{"id":6793,"href":"http:\/\/www.galoppbilder.se\/blogg\/index.php?rest_route=\/wp\/v2\/posts\/6792\/revisions\/6793"}],"wp:attachment":[{"href":"http:\/\/www.galoppbilder.se\/blogg\/index.php?rest_route=%2Fwp%2Fv2%2Fmedia&parent=6792"}],"wp:term":[{"taxonomy":"category","embeddable":true,"href":"http:\/\/www.galoppbilder.se\/blogg\/index.php?rest_route=%2Fwp%2Fv2%2Fcategories&post=6792"},{"taxonomy":"post_tag","embeddable":true,"href":"http:\/\/www.galoppbilder.se\/blogg\/index.php?rest_route=%2Fwp%2Fv2%2Ftags&post=6792"}],"curies":[{"name":"wp","href":"https:\/\/api.w.org\/{rel}","templated":true}]}}