{"id":6795,"date":"2013-01-05T12:04:40","date_gmt":"2013-01-05T11:04:40","guid":{"rendered":"http:\/\/www.galoppbilder.se\/blogg\/?p=6795"},"modified":"2013-01-05T12:04:40","modified_gmt":"2013-01-05T11:04:40","slug":"jag-stannar-hemma-pa-sondag","status":"publish","type":"post","link":"http:\/\/www.galoppbilder.se\/blogg\/?p=6795","title":{"rendered":"Jag stannar hemma p\u00e5 s\u00f6ndag"},"content":{"rendered":"<p><strong>P\u00e5 s\u00f6ndag kommer jag tyv\u00e4rr inte att vara p\u00e5 plats f\u00f6r att bevaka \u00e5ret f\u00f6rsta t\u00e4vlingsdag p\u00e5 T\u00e4by Galopp.<\/strong><\/p>\n<p>Av besparingssk\u00e4l kommer t\u00e4ckningen av de mindre t\u00e4vlingsdagarna under l\u00e5gs\u00e4song inte att bli lika omfattande som tidigare \u00e5r. Jag kommer att skriva ett kortare t\u00e4vlingsreferat via Live-s\u00e4ndningen och l\u00e4gga ut p\u00e5 Svensk Galopps hemsida men n\u00e5gra fria bilder p\u00e5 bildbanken blir det naturligtvis inte.<\/p>\n<p>Faktum \u00e4r att detta \u00e4r den f\u00f6rsta svenska t\u00e4vlingsdagen jag inte fotograferar sedan april 2010. D\u00e4rf\u00f6r kommer det s\u00e4kert att k\u00e4nnas lite konstigt att inte vara p\u00e5 plats.<\/p>\n","protected":false},"excerpt":{"rendered":"<p>P\u00e5 s\u00f6ndag kommer jag tyv\u00e4rr inte att vara p\u00e5 plats f\u00f6r att bevaka \u00e5ret f\u00f6rsta t\u00e4vlingsdag p\u00e5 T\u00e4by Galopp. Av besparingssk\u00e4l kommer t\u00e4ckningen av de mindre t\u00e4vlingsdagarna under l\u00e5gs\u00e4song inte att bli lika omfattande som tidigare \u00e5r. Jag kommer att skriva ett kortare t\u00e4vlingsreferat via Live-s\u00e4ndningen och l\u00e4gga ut p\u00e5 Svensk Galopps hemsida men n\u00e5gra &hellip; <a href=\"http:\/\/www.galoppbilder.se\/blogg\/?p=6795\" class=\"more-link\">Forts\u00e4tt l\u00e4sa<span class=\"screen-reader-text\"> \u201dJag stannar hemma p\u00e5 s\u00f6ndag\u201d<\/span><\/a><\/p>\n","protected":false},"author":5,"featured_media":0,"comment_status":"open","ping_status":"closed","sticky":false,"template":"","format":"standard","meta":{"ngg_post_thumbnail":0,"footnotes":""},"categories":[1,8],"tags":[],"class_list":["post-6795","post","type-post","status-publish","format-standard","hentry","category-diverse","category-vardagsgalopp"],"aioseo_notices":[],"_links":{"self":[{"href":"http:\/\/www.galoppbilder.se\/blogg\/index.php?rest_route=\/wp\/v2\/posts\/6795","targetHints":{"allow":["GET"]}}],"collection":[{"href":"http:\/\/www.galoppbilder.se\/blogg\/index.php?rest_route=\/wp\/v2\/posts"}],"about":[{"href":"http:\/\/www.galoppbilder.se\/blogg\/index.php?rest_route=\/wp\/v2\/types\/post"}],"author":[{"embeddable":true,"href":"http:\/\/www.galoppbilder.se\/blogg\/index.php?rest_route=\/wp\/v2\/users\/5"}],"replies":[{"embeddable":true,"href":"http:\/\/www.galoppbilder.se\/blogg\/index.php?rest_route=%2Fwp%2Fv2%2Fcomments&post=6795"}],"version-history":[{"count":1,"href":"http:\/\/www.galoppbilder.se\/blogg\/index.php?rest_route=\/wp\/v2\/posts\/6795\/revisions"}],"predecessor-version":[{"id":6796,"href":"http:\/\/www.galoppbilder.se\/blogg\/index.php?rest_route=\/wp\/v2\/posts\/6795\/revisions\/6796"}],"wp:attachment":[{"href":"http:\/\/www.galoppbilder.se\/blogg\/index.php?rest_route=%2Fwp%2Fv2%2Fmedia&parent=6795"}],"wp:term":[{"taxonomy":"category","embeddable":true,"href":"http:\/\/www.galoppbilder.se\/blogg\/index.php?rest_route=%2Fwp%2Fv2%2Fcategories&post=6795"},{"taxonomy":"post_tag","embeddable":true,"href":"http:\/\/www.galoppbilder.se\/blogg\/index.php?rest_route=%2Fwp%2Fv2%2Ftags&post=6795"}],"curies":[{"name":"wp","href":"https:\/\/api.w.org\/{rel}","templated":true}]}}