{"id":6804,"date":"2013-01-26T18:36:16","date_gmt":"2013-01-26T17:36:16","guid":{"rendered":"http:\/\/www.galoppbilder.se\/blogg\/?p=6804"},"modified":"2013-01-26T18:37:49","modified_gmt":"2013-01-26T17:37:49","slug":"tvara-kast-och-manga-rykten","status":"publish","type":"post","link":"http:\/\/www.galoppbilder.se\/blogg\/?p=6804","title":{"rendered":"Tv\u00e4ra kast och m\u00e5nga rykten"},"content":{"rendered":"<p><strong>Det har h\u00e4nt en hel del i galoppsportens f\u00e4ngslande v\u00e4rld sedan jag skrev den senaste bloggposten f\u00f6r n\u00e5gra veckor sedan. Ytterligare en verkst\u00e4llande direkt\u00f6r har f\u00e5tt avsluta sitt uppdrag. Vilken i ordningen det \u00e4r sedan jag blev engagerad i sporten v\u00e5gar jag inte svara p\u00e5. Det \u00e4r ett antal.<\/strong><\/p>\n<p>Nu vet jag att det finns v\u00e4ldigt m\u00e5nga d\u00e4r ute som undrar vad det egentligen \u00e4r som h\u00e4nder i sporten. Tyv\u00e4rr m\u00e5ste jag g\u00f6ra alla vetgiriga besvikna. Jag t\u00e4nker inte ge mig i kast med att f\u00f6rs\u00f6ka spekulera i n\u00e5got h\u00e4r och nu.<\/p>\n<p>Men jag ska villigt erk\u00e4nna att det k\u00e4nns lockande med tanke p\u00e5 hur m\u00e5nga m\u00e4rkliga och direkt felaktiga rykten som cirkulerar. Saker och ting beh\u00f6ver inte n\u00f6dv\u00e4ndigtvis vara s\u00e5 komplicerade och underliga som m\u00e5nga vill g\u00f6ra g\u00e4llande. Mitt r\u00e5d \u00e4r att inte tro p\u00e5 allt som s\u00e4gs och skrivs. Alla fr\u00e5gor kommer s\u00e4kert att bli besvarade i sinom tid.<\/p>\n<p>Ur ett mer personligt perspektiv har det inte h\u00e4nt s\u00e5 mycket sedan jag skrev h\u00e4r senast. Jag vet fortfarande inte hur stort mitt engagemang i sporten kommer att bli i \u00e5r. Det k\u00e4nns naturligtvis inte helt komfortabelt. Men n\u00e5gra fr\u00e5getecken kommer i b\u00e4sta fall att r\u00e4tas ut de n\u00e4rmaste veckorna.<\/p>\n<p>Under tiden st\u00e5r jag som vanligt till galoppens f\u00f6rfogande och forts\u00e4tter uppdatera hemsidorna med information. Men som jag tidigare har sagt, bara det mest n\u00f6dv\u00e4ndiga. Jag brukar l\u00e4gga n\u00e5gra timmar per dag, inte mer.<\/p>\n<p>Eftersom jag inte \u00e4r p\u00e5 T\u00e4by Galopp i morgon kommer jag eventuellt att k\u00f6ra upp till Sextorp och kolla in hingtvisningen. Det brukar vara en trevlig tillst\u00e4llning.<\/p>\n","protected":false},"excerpt":{"rendered":"<p>Det har h\u00e4nt en hel del i galoppsportens f\u00e4ngslande v\u00e4rld sedan jag skrev den senaste bloggposten f\u00f6r n\u00e5gra veckor sedan. Ytterligare en verkst\u00e4llande direkt\u00f6r har f\u00e5tt avsluta sitt uppdrag. Vilken i ordningen det \u00e4r sedan jag blev engagerad i sporten v\u00e5gar jag inte svara p\u00e5. Det \u00e4r ett antal. Nu vet jag att det finns &hellip; <a href=\"http:\/\/www.galoppbilder.se\/blogg\/?p=6804\" class=\"more-link\">Forts\u00e4tt l\u00e4sa<span class=\"screen-reader-text\"> \u201dTv\u00e4ra kast och m\u00e5nga rykten\u201d<\/span><\/a><\/p>\n","protected":false},"author":5,"featured_media":0,"comment_status":"open","ping_status":"closed","sticky":false,"template":"","format":"standard","meta":{"ngg_post_thumbnail":0,"footnotes":""},"categories":[5],"tags":[],"class_list":["post-6804","post","type-post","status-publish","format-standard","hentry","category-smatt-och-gott"],"aioseo_notices":[],"_links":{"self":[{"href":"http:\/\/www.galoppbilder.se\/blogg\/index.php?rest_route=\/wp\/v2\/posts\/6804","targetHints":{"allow":["GET"]}}],"collection":[{"href":"http:\/\/www.galoppbilder.se\/blogg\/index.php?rest_route=\/wp\/v2\/posts"}],"about":[{"href":"http:\/\/www.galoppbilder.se\/blogg\/index.php?rest_route=\/wp\/v2\/types\/post"}],"author":[{"embeddable":true,"href":"http:\/\/www.galoppbilder.se\/blogg\/index.php?rest_route=\/wp\/v2\/users\/5"}],"replies":[{"embeddable":true,"href":"http:\/\/www.galoppbilder.se\/blogg\/index.php?rest_route=%2Fwp%2Fv2%2Fcomments&post=6804"}],"version-history":[{"count":2,"href":"http:\/\/www.galoppbilder.se\/blogg\/index.php?rest_route=\/wp\/v2\/posts\/6804\/revisions"}],"predecessor-version":[{"id":6806,"href":"http:\/\/www.galoppbilder.se\/blogg\/index.php?rest_route=\/wp\/v2\/posts\/6804\/revisions\/6806"}],"wp:attachment":[{"href":"http:\/\/www.galoppbilder.se\/blogg\/index.php?rest_route=%2Fwp%2Fv2%2Fmedia&parent=6804"}],"wp:term":[{"taxonomy":"category","embeddable":true,"href":"http:\/\/www.galoppbilder.se\/blogg\/index.php?rest_route=%2Fwp%2Fv2%2Fcategories&post=6804"},{"taxonomy":"post_tag","embeddable":true,"href":"http:\/\/www.galoppbilder.se\/blogg\/index.php?rest_route=%2Fwp%2Fv2%2Ftags&post=6804"}],"curies":[{"name":"wp","href":"https:\/\/api.w.org\/{rel}","templated":true}]}}