{"id":6809,"date":"2013-02-16T14:44:44","date_gmt":"2013-02-16T13:44:44","guid":{"rendered":"http:\/\/www.galoppbilder.se\/blogg\/?p=6809"},"modified":"2013-02-16T14:49:43","modified_gmt":"2013-02-16T13:49:43","slug":"ett-par-rader","status":"publish","type":"post","link":"http:\/\/www.galoppbilder.se\/blogg\/?p=6809","title":{"rendered":"Ett par rader"},"content":{"rendered":"<p><strong>Eftersom jag noterat att m\u00e5nga fortfarande \u00e4r inne och kikar p\u00e5 bloggen t\u00e4nkte jag bara flika in ett par korta rader.<\/strong><\/p>\n<p>F\u00f6r min egen del har det egentligen inte h\u00e4nt s\u00e5 mycket sedan jag skrev h\u00e4r senast. Allt g\u00e5r verkligen p\u00e5 sparl\u00e5ga just nu. Det betyder att jag jobbar s\u00e5 f\u00e5 timmar som m\u00f6jligt f\u00f6r att Svensk Galopp ska spara s\u00e5 m\u00e5nga kronor som m\u00f6jligt.<\/p>\n<p>Eftersom jag inte l\u00e4ngre \u00e4r ute och r\u00f6r mig i sporten har jag haft ganska sv\u00e5rt att h\u00e4nga med i de senaste turerna. Men med bakgrund av det jag trots allt har lyckats snappa upp \u00e4r det kanske lika v\u00e4l det.<\/p>\n","protected":false},"excerpt":{"rendered":"<p>Eftersom jag noterat att m\u00e5nga fortfarande \u00e4r inne och kikar p\u00e5 bloggen t\u00e4nkte jag bara flika in ett par korta rader. F\u00f6r min egen del har det egentligen inte h\u00e4nt s\u00e5 mycket sedan jag skrev h\u00e4r senast. Allt g\u00e5r verkligen p\u00e5 sparl\u00e5ga just nu. Det betyder att jag jobbar s\u00e5 f\u00e5 timmar som m\u00f6jligt f\u00f6r &hellip; <a href=\"http:\/\/www.galoppbilder.se\/blogg\/?p=6809\" class=\"more-link\">Forts\u00e4tt l\u00e4sa<span class=\"screen-reader-text\"> \u201dEtt par rader\u201d<\/span><\/a><\/p>\n","protected":false},"author":5,"featured_media":0,"comment_status":"open","ping_status":"closed","sticky":false,"template":"","format":"standard","meta":{"ngg_post_thumbnail":0,"footnotes":""},"categories":[1],"tags":[],"class_list":["post-6809","post","type-post","status-publish","format-standard","hentry","category-diverse"],"aioseo_notices":[],"_links":{"self":[{"href":"http:\/\/www.galoppbilder.se\/blogg\/index.php?rest_route=\/wp\/v2\/posts\/6809","targetHints":{"allow":["GET"]}}],"collection":[{"href":"http:\/\/www.galoppbilder.se\/blogg\/index.php?rest_route=\/wp\/v2\/posts"}],"about":[{"href":"http:\/\/www.galoppbilder.se\/blogg\/index.php?rest_route=\/wp\/v2\/types\/post"}],"author":[{"embeddable":true,"href":"http:\/\/www.galoppbilder.se\/blogg\/index.php?rest_route=\/wp\/v2\/users\/5"}],"replies":[{"embeddable":true,"href":"http:\/\/www.galoppbilder.se\/blogg\/index.php?rest_route=%2Fwp%2Fv2%2Fcomments&post=6809"}],"version-history":[{"count":2,"href":"http:\/\/www.galoppbilder.se\/blogg\/index.php?rest_route=\/wp\/v2\/posts\/6809\/revisions"}],"predecessor-version":[{"id":6811,"href":"http:\/\/www.galoppbilder.se\/blogg\/index.php?rest_route=\/wp\/v2\/posts\/6809\/revisions\/6811"}],"wp:attachment":[{"href":"http:\/\/www.galoppbilder.se\/blogg\/index.php?rest_route=%2Fwp%2Fv2%2Fmedia&parent=6809"}],"wp:term":[{"taxonomy":"category","embeddable":true,"href":"http:\/\/www.galoppbilder.se\/blogg\/index.php?rest_route=%2Fwp%2Fv2%2Fcategories&post=6809"},{"taxonomy":"post_tag","embeddable":true,"href":"http:\/\/www.galoppbilder.se\/blogg\/index.php?rest_route=%2Fwp%2Fv2%2Ftags&post=6809"}],"curies":[{"name":"wp","href":"https:\/\/api.w.org\/{rel}","templated":true}]}}