{"id":6816,"date":"2013-03-10T09:59:09","date_gmt":"2013-03-10T08:59:09","guid":{"rendered":"http:\/\/www.galoppbilder.se\/blogg\/?p=6816"},"modified":"2020-05-26T18:50:45","modified_gmt":"2020-05-26T16:50:45","slug":"om-nagra-veckor-ar-jag-tillbaka-igen","status":"publish","type":"post","link":"http:\/\/www.galoppbilder.se\/blogg\/?p=6816","title":{"rendered":"Om n\u00e5gra veckor \u00e4r jag tillbaka igen"},"content":{"rendered":"<h5>Efter flera minst sagt r\u00f6riga m\u00e5nader har jag \u00e4ntligen b\u00f6rjat f\u00e5 klarhet i hur mitt engagemang i galoppsporten kommer att gestalta sig den n\u00e4rmaste tiden.<\/h5>\n<p>Som jag tidigare skrivit har jag jobbat p\u00e5 timme sedan \u00e5rsskiftet och endast utf\u00f6rt de mest n\u00f6dv\u00e4ndiga jobben.<\/p>\n<p>Men den 1 april, lagom till huvuds\u00e4songen drar ig\u00e5ng, b\u00f6rjar jag jobba enligt ungef\u00e4r samma mall som tidigare. Det betyder \u00e4ven att jag kommer att f\u00f6rs\u00f6ka \u00e5teruppliva den h\u00e4r bloggen.<\/p>\n<p>Stay tuned!<\/p>\n","protected":false},"excerpt":{"rendered":"<p>Efter flera minst sagt r\u00f6riga m\u00e5nader har jag \u00e4ntligen b\u00f6rjat f\u00e5 klarhet i hur mitt engagemang i galoppsporten kommer att gestalta sig den n\u00e4rmaste tiden. Som jag tidigare skrivit har jag jobbat p\u00e5 timme sedan \u00e5rsskiftet och endast utf\u00f6rt de mest n\u00f6dv\u00e4ndiga jobben. Men den 1 april, lagom till huvuds\u00e4songen drar ig\u00e5ng, b\u00f6rjar jag jobba &hellip; <a href=\"http:\/\/www.galoppbilder.se\/blogg\/?p=6816\" class=\"more-link\">Forts\u00e4tt l\u00e4sa<span class=\"screen-reader-text\"> \u201dOm n\u00e5gra veckor \u00e4r jag tillbaka igen\u201d<\/span><\/a><\/p>\n","protected":false},"author":5,"featured_media":6136,"comment_status":"open","ping_status":"closed","sticky":false,"template":"","format":"standard","meta":{"ngg_post_thumbnail":0,"footnotes":""},"categories":[1],"tags":[],"class_list":["post-6816","post","type-post","status-publish","format-standard","has-post-thumbnail","hentry","category-diverse"],"aioseo_notices":[],"_links":{"self":[{"href":"http:\/\/www.galoppbilder.se\/blogg\/index.php?rest_route=\/wp\/v2\/posts\/6816","targetHints":{"allow":["GET"]}}],"collection":[{"href":"http:\/\/www.galoppbilder.se\/blogg\/index.php?rest_route=\/wp\/v2\/posts"}],"about":[{"href":"http:\/\/www.galoppbilder.se\/blogg\/index.php?rest_route=\/wp\/v2\/types\/post"}],"author":[{"embeddable":true,"href":"http:\/\/www.galoppbilder.se\/blogg\/index.php?rest_route=\/wp\/v2\/users\/5"}],"replies":[{"embeddable":true,"href":"http:\/\/www.galoppbilder.se\/blogg\/index.php?rest_route=%2Fwp%2Fv2%2Fcomments&post=6816"}],"version-history":[{"count":4,"href":"http:\/\/www.galoppbilder.se\/blogg\/index.php?rest_route=\/wp\/v2\/posts\/6816\/revisions"}],"predecessor-version":[{"id":7834,"href":"http:\/\/www.galoppbilder.se\/blogg\/index.php?rest_route=\/wp\/v2\/posts\/6816\/revisions\/7834"}],"wp:featuredmedia":[{"embeddable":true,"href":"http:\/\/www.galoppbilder.se\/blogg\/index.php?rest_route=\/wp\/v2\/media\/6136"}],"wp:attachment":[{"href":"http:\/\/www.galoppbilder.se\/blogg\/index.php?rest_route=%2Fwp%2Fv2%2Fmedia&parent=6816"}],"wp:term":[{"taxonomy":"category","embeddable":true,"href":"http:\/\/www.galoppbilder.se\/blogg\/index.php?rest_route=%2Fwp%2Fv2%2Fcategories&post=6816"},{"taxonomy":"post_tag","embeddable":true,"href":"http:\/\/www.galoppbilder.se\/blogg\/index.php?rest_route=%2Fwp%2Fv2%2Ftags&post=6816"}],"curies":[{"name":"wp","href":"https:\/\/api.w.org\/{rel}","templated":true}]}}