{"id":7022,"date":"2013-08-27T20:50:58","date_gmt":"2013-08-27T18:50:58","guid":{"rendered":"http:\/\/www.galoppbilder.se\/blogg\/?p=7022"},"modified":"2013-08-27T20:50:58","modified_gmt":"2013-08-27T18:50:58","slug":"lagsasong-pa-bloggen","status":"publish","type":"post","link":"http:\/\/www.galoppbilder.se\/blogg\/?p=7022","title":{"rendered":"L\u00e5gs\u00e4song p\u00e5 bloggen?"},"content":{"rendered":"<p><strong>Som m\u00e5nga s\u00e4kert har noterat har det inte varit mycket till aktivitet p\u00e5 den h\u00e4r bloggen de senaste veckorna. Det finns flera anledningar till det.<\/strong><\/p>\n<p><a href=\"http:\/\/www.galoppbilder.se\/blogg\/wp-content\/uploads\/2013\/08\/derbykurva.jpg\"><img loading=\"lazy\" decoding=\"async\" class=\"alignnone size-full wp-image-7023\" alt=\"Derbykurva\" src=\"http:\/\/www.galoppbilder.se\/blogg\/wp-content\/uploads\/2013\/08\/derbykurva.jpg\" width=\"960\" height=\"726\" srcset=\"http:\/\/www.galoppbilder.se\/blogg\/wp-content\/uploads\/2013\/08\/derbykurva.jpg 960w, http:\/\/www.galoppbilder.se\/blogg\/wp-content\/uploads\/2013\/08\/derbykurva-300x226.jpg 300w, http:\/\/www.galoppbilder.se\/blogg\/wp-content\/uploads\/2013\/08\/derbykurva-396x300.jpg 396w\" sizes=\"auto, (max-width: 709px) 85vw, (max-width: 909px) 67vw, (max-width: 1362px) 62vw, 840px\" \/><\/a><\/p>\n<p>Dels har jag som vanligt haft en del att st\u00e5 i, samtidigt som jag f\u00f6rs\u00f6ker anv\u00e4nda mina f\u00e5 lediga stunder till annat \u00e4n galopp. Vidare tycker jag fortfarande att det \u00e4r lite allm\u00e4n oreda i sporten efter det minst sagt turbulenta fjol\u00e5ret och jag har valt att h\u00e5lla en l\u00e5g profil.<\/p>\n<p>P\u00e5 det hela taget l\u00e4gger jag mindre arbetstid p\u00e5 galoppsporten idag \u00e4n jag gjort tidigare, drygt 45 timmar i veckan. Trots det har jag inte missat en svensk t\u00e4vlingsdag sedan v\u00e5rpremi\u00e4ren.<\/p>\n<p>Men just nu g\u00e5r en betydande del av de 45 timmarna \u00e5t till att f\u00e4rdigst\u00e4lla Svensk Galopps nya hemsida som prelimin\u00e4rt kommer att lanseras i slutet av september. De n\u00e4rmaste veckorna \u00e4r det arbetet placerat h\u00f6gst upp p\u00e5 prioritetslistan.<\/p>\n<p>P\u00e5 \u00e5terh\u00f6rande!<\/p>\n","protected":false},"excerpt":{"rendered":"<p>Som m\u00e5nga s\u00e4kert har noterat har det inte varit mycket till aktivitet p\u00e5 den h\u00e4r bloggen de senaste veckorna. Det finns flera anledningar till det. Dels har jag som vanligt haft en del att st\u00e5 i, samtidigt som jag f\u00f6rs\u00f6ker anv\u00e4nda mina f\u00e5 lediga stunder till annat \u00e4n galopp. Vidare tycker jag fortfarande att det &hellip; <a href=\"http:\/\/www.galoppbilder.se\/blogg\/?p=7022\" class=\"more-link\">Forts\u00e4tt l\u00e4sa<span class=\"screen-reader-text\"> \u201dL\u00e5gs\u00e4song p\u00e5 bloggen?\u201d<\/span><\/a><\/p>\n","protected":false},"author":5,"featured_media":0,"comment_status":"open","ping_status":"closed","sticky":false,"template":"","format":"standard","meta":{"ngg_post_thumbnail":0,"footnotes":""},"categories":[1],"tags":[86],"class_list":["post-7022","post","type-post","status-publish","format-standard","hentry","category-diverse","tag-svenskgalopp-se"],"aioseo_notices":[],"_links":{"self":[{"href":"http:\/\/www.galoppbilder.se\/blogg\/index.php?rest_route=\/wp\/v2\/posts\/7022","targetHints":{"allow":["GET"]}}],"collection":[{"href":"http:\/\/www.galoppbilder.se\/blogg\/index.php?rest_route=\/wp\/v2\/posts"}],"about":[{"href":"http:\/\/www.galoppbilder.se\/blogg\/index.php?rest_route=\/wp\/v2\/types\/post"}],"author":[{"embeddable":true,"href":"http:\/\/www.galoppbilder.se\/blogg\/index.php?rest_route=\/wp\/v2\/users\/5"}],"replies":[{"embeddable":true,"href":"http:\/\/www.galoppbilder.se\/blogg\/index.php?rest_route=%2Fwp%2Fv2%2Fcomments&post=7022"}],"version-history":[{"count":1,"href":"http:\/\/www.galoppbilder.se\/blogg\/index.php?rest_route=\/wp\/v2\/posts\/7022\/revisions"}],"predecessor-version":[{"id":7024,"href":"http:\/\/www.galoppbilder.se\/blogg\/index.php?rest_route=\/wp\/v2\/posts\/7022\/revisions\/7024"}],"wp:attachment":[{"href":"http:\/\/www.galoppbilder.se\/blogg\/index.php?rest_route=%2Fwp%2Fv2%2Fmedia&parent=7022"}],"wp:term":[{"taxonomy":"category","embeddable":true,"href":"http:\/\/www.galoppbilder.se\/blogg\/index.php?rest_route=%2Fwp%2Fv2%2Fcategories&post=7022"},{"taxonomy":"post_tag","embeddable":true,"href":"http:\/\/www.galoppbilder.se\/blogg\/index.php?rest_route=%2Fwp%2Fv2%2Ftags&post=7022"}],"curies":[{"name":"wp","href":"https:\/\/api.w.org\/{rel}","templated":true}]}}