{"id":7110,"date":"2013-10-23T18:40:30","date_gmt":"2013-10-23T16:40:30","guid":{"rendered":"http:\/\/www.galoppbilder.se\/blogg\/?p=7110"},"modified":"2013-10-23T19:43:07","modified_gmt":"2013-10-23T17:43:07","slug":"nu-minskar-jag-engagemanget-rejalt","status":"publish","type":"post","link":"http:\/\/www.galoppbilder.se\/blogg\/?p=7110","title":{"rendered":"Nu minskar jag engagemanget. Rej\u00e4lt!"},"content":{"rendered":"<p><strong>Det k\u00e4nns som om det b\u00f6rjar bli dags f\u00f6r en liten statusuppdatering h\u00e4r p\u00e5 bloggen. Som flera s\u00e4kert redan har noterat i olika sociala medier har mitt engagemang i Svensk Galopp minskat dramatiskt.<\/strong><\/p>\n<p>Den 18 september blev mitt avtal uppsagt f\u00f6r omf\u00f6rhandling. S\u00e5 h\u00e4r med facit i hand blev det mesta uppsagt. Endast ett par mindre saker blev omf\u00f6rhandlade.<\/p>\n<p>Nu trodde jag att en s\u00e5 kallad \u201dupps\u00e4gning f\u00f6r omf\u00f6rhandling\u201d innebar att man endast avs\u00e5g att justera delar av avtalet. Men riktigt s\u00e5 var det inte i det h\u00e4r fallet.<\/p>\n<p>Fr\u00e5n och med nu ska jag enbart bevaka t\u00e4vlingsdagarna p\u00e5 J\u00e4gersro (om det nu blir n\u00e5gra) i text och bild. Det \u00e4r allt. I all hast g\u00e5r jag fr\u00e5n att jobba 110 procent till kanske 15 procent. En ganska dramatisk f\u00f6r\u00e4ndring med andra ord.<\/p>\n<p>Personligen h\u00e4nger jag inte l\u00e4pp f\u00f6r det. Min ambition var \u00e4nd\u00e5 att trappa ner p\u00e5 engagemanget. Om \u00e4n inte i s\u00e5 h\u00e4r pass stor omfattning. Jag har n\u00e4mligen jobbat tokmycket i flera \u00e5r, aldrig kunnat ta ut n\u00e5gon semester och k\u00e4nner att energin inte riktigt r\u00e4cker till. Ekonomiskt ska jag s\u00e4kert klara mig ett tag och f\u00f6rhoppningsvis finns det andra f\u00f6retag som \u00e4r mer intresserade av mina tj\u00e4nster i framtiden.<\/p>\n<p>D\u00e5 \u00e4r jag mer orolig \u00f6ver vad som ska h\u00e4nda med galoppen fram\u00f6ver. Framtiden ser inte direkt ljus ut. Mest bekymrad blir jag n\u00e4r jag t\u00e4nker p\u00e5 vilka fantastiska f\u00f6ruts\u00e4ttningar vi hade efter den stora omorganisationen 2009. D\u00e5 var organisationen rej\u00e4lt slimmad och kostnadseffektiv samtidigt som det fanns massor av framtidsoptimism. N\u00e5gon som minns vad som h\u00e4nde?<\/p>\n<p>Jo, bara efter ett par m\u00e5nader b\u00f6rjade allt krackelera p\u00e5 grund av en massa internt gnabb. Alla f\u00f6rslag, oavsett om det handlade om marknads\u00e5tg\u00e4rder eller besparingar, m\u00f6ttes med stor misst\u00e4nksamhet och h\u00f6gljudda protester. Olika s\u00e4rintressen s\u00e5g till sitt eget b\u00e4sta ist\u00e4llet f\u00f6r att fokusera p\u00e5 galoppsportens utveckling som helhet. Ungef\u00e4r s\u00e5 har det fortsatt fram till nu. Och vi st\u00e5r d\u00e4r vi st\u00e5r.<\/p>\n","protected":false},"excerpt":{"rendered":"<p>Det k\u00e4nns som om det b\u00f6rjar bli dags f\u00f6r en liten statusuppdatering h\u00e4r p\u00e5 bloggen. Som flera s\u00e4kert redan har noterat i olika sociala medier har mitt engagemang i Svensk Galopp minskat dramatiskt. Den 18 september blev mitt avtal uppsagt f\u00f6r omf\u00f6rhandling. S\u00e5 h\u00e4r med facit i hand blev det mesta uppsagt. Endast ett par &hellip; <a href=\"http:\/\/www.galoppbilder.se\/blogg\/?p=7110\" class=\"more-link\">Forts\u00e4tt l\u00e4sa<span class=\"screen-reader-text\"> \u201dNu minskar jag engagemanget. Rej\u00e4lt!\u201d<\/span><\/a><\/p>\n","protected":false},"author":5,"featured_media":0,"comment_status":"open","ping_status":"closed","sticky":false,"template":"","format":"standard","meta":{"ngg_post_thumbnail":0,"footnotes":""},"categories":[5],"tags":[],"class_list":["post-7110","post","type-post","status-publish","format-standard","hentry","category-smatt-och-gott"],"aioseo_notices":[],"_links":{"self":[{"href":"http:\/\/www.galoppbilder.se\/blogg\/index.php?rest_route=\/wp\/v2\/posts\/7110","targetHints":{"allow":["GET"]}}],"collection":[{"href":"http:\/\/www.galoppbilder.se\/blogg\/index.php?rest_route=\/wp\/v2\/posts"}],"about":[{"href":"http:\/\/www.galoppbilder.se\/blogg\/index.php?rest_route=\/wp\/v2\/types\/post"}],"author":[{"embeddable":true,"href":"http:\/\/www.galoppbilder.se\/blogg\/index.php?rest_route=\/wp\/v2\/users\/5"}],"replies":[{"embeddable":true,"href":"http:\/\/www.galoppbilder.se\/blogg\/index.php?rest_route=%2Fwp%2Fv2%2Fcomments&post=7110"}],"version-history":[{"count":7,"href":"http:\/\/www.galoppbilder.se\/blogg\/index.php?rest_route=\/wp\/v2\/posts\/7110\/revisions"}],"predecessor-version":[{"id":7117,"href":"http:\/\/www.galoppbilder.se\/blogg\/index.php?rest_route=\/wp\/v2\/posts\/7110\/revisions\/7117"}],"wp:attachment":[{"href":"http:\/\/www.galoppbilder.se\/blogg\/index.php?rest_route=%2Fwp%2Fv2%2Fmedia&parent=7110"}],"wp:term":[{"taxonomy":"category","embeddable":true,"href":"http:\/\/www.galoppbilder.se\/blogg\/index.php?rest_route=%2Fwp%2Fv2%2Fcategories&post=7110"},{"taxonomy":"post_tag","embeddable":true,"href":"http:\/\/www.galoppbilder.se\/blogg\/index.php?rest_route=%2Fwp%2Fv2%2Ftags&post=7110"}],"curies":[{"name":"wp","href":"https:\/\/api.w.org\/{rel}","templated":true}]}}