{"id":7152,"date":"2015-04-15T18:25:56","date_gmt":"2015-04-15T16:25:56","guid":{"rendered":"http:\/\/www.galoppbilder.se\/blogg\/?p=7152"},"modified":"2015-04-15T18:31:43","modified_gmt":"2015-04-15T16:31:43","slug":"en-mjukstart","status":"publish","type":"post","link":"http:\/\/www.galoppbilder.se\/blogg\/?p=7152","title":{"rendered":"En mjukstart"},"content":{"rendered":"<p><a href=\"http:\/\/www.galoppbilder.se\/blogg\/wp-content\/uploads\/2011\/08\/dirt9027.jpg\"><img loading=\"lazy\" decoding=\"async\" class=\"alignnone size-full wp-image-5898\" src=\"http:\/\/www.galoppbilder.se\/blogg\/wp-content\/uploads\/2011\/08\/dirt9027.jpg\" alt=\"Dirttrack\" width=\"600\" height=\"397\" srcset=\"http:\/\/www.galoppbilder.se\/blogg\/wp-content\/uploads\/2011\/08\/dirt9027.jpg 600w, http:\/\/www.galoppbilder.se\/blogg\/wp-content\/uploads\/2011\/08\/dirt9027-300x198.jpg 300w\" sizes=\"auto, (max-width: 709px) 85vw, (max-width: 909px) 67vw, (max-width: 984px) 61vw, (max-width: 1362px) 45vw, 600px\" \/><\/a><\/p>\n<p>S\u00e5 h\u00e4r i b\u00f6rjan av huvuds\u00e4songen har jag best\u00e4mt mig f\u00f6r att mjukstarta den h\u00e4r galoppbloggen igen. Innan ni l\u00e4ser vidare t\u00e4nker\u00a0jag genast p\u00e5peka att ni absolut inte ska f\u00f6rv\u00e4nta er n\u00e5gra stord\u00e5d. Mitt engagemang i sporten \u00e4r n\u00e4mligen bara en spillra av vad det en g\u00e5ng var.<\/p>\n<p>Men s\u00e5 h\u00e4r under den varma \u00e5rstiden l\u00e4gger jag trots allt n\u00e5gra timmar p\u00e5 galoppen varje vecka. Jag bevakar fortfarande alla t\u00e4vlingsdagarna p\u00e5 J\u00e4gersro, n\u00e5got jag faktiskt gjort i drygt 20 \u00e5r nu. T\u00e4nk vad tiden g\u00e5r! Jag \u00e4r ganska s\u00e4ker p\u00e5 att jag inte har missat en enda hel t\u00e4vlingsdag p\u00e5 banan sedan 1994. Hur m\u00e5nga kan matcha det?<\/p>\n<p>Jag \u00e5terstartar absolut inte bloggen f\u00f6r att n\u00e5gon bett mig g\u00f6ra det. Faktum \u00e4r att ingen \u2013 <strong>absolut ingen<\/strong> \u2013 har sagt att de saknar den. Men ibland producerar jag material som jag g\u00e4rna vill publicera p\u00e5 en plats som \u00e4r min egen. P\u00e5 sociala medier har det en tendens att snabbt f\u00f6rsvinna i bruset. Ett exempel \u00e4r videofilmen fr\u00e5n SFKs stallrunda som jag gjorde f\u00f6r ett par veckor sedan.<\/p>\n<p>Vidare vet s\u00e4kert alla att jag ibland har synpunkter p\u00e5 de prioriteringar som g\u00f6rs i galoppsporten. En liten del av dem kommer jag s\u00e4kert att ventilera h\u00e4r. Antagligen kommer jag att trampa p\u00e5 en och annan \u00f6m t\u00e5. Det \u00e4r n\u00e4mligen i stort sett oundvikligt. F\u00f6r om det \u00e4r n\u00e5got jag l\u00e4rt mig efter alla \u00e5r \u00e4r det att m\u00e4nniskor i galoppsporten t\u00e4nker och handlar v\u00e4ldigt olika.<\/p>\n<p>Och \u00e4n en g\u00e5ng. Det h\u00e4r \u00e4r <strong>ingen nyhetssida<\/strong>. Jag l\u00e4gger upp saker n\u00e4r jag sj\u00e4lv har lust. Uppdateringarna kommer s\u00e4kert att ske sporadiskt. Ni f\u00e5r helt enkelt ta bloggen f\u00f6r vad den \u00e4r.<\/p>\n","protected":false},"excerpt":{"rendered":"<p>S\u00e5 h\u00e4r i b\u00f6rjan av huvuds\u00e4songen har jag best\u00e4mt mig f\u00f6r att mjukstarta den h\u00e4r galoppbloggen igen. Innan ni l\u00e4ser vidare t\u00e4nker\u00a0jag genast p\u00e5peka att ni absolut inte ska f\u00f6rv\u00e4nta er n\u00e5gra stord\u00e5d. Mitt engagemang i sporten \u00e4r n\u00e4mligen bara en spillra av vad det en g\u00e5ng var. Men s\u00e5 h\u00e4r under den varma \u00e5rstiden &hellip; <a href=\"http:\/\/www.galoppbilder.se\/blogg\/?p=7152\" class=\"more-link\">Forts\u00e4tt l\u00e4sa<span class=\"screen-reader-text\"> \u201dEn mjukstart\u201d<\/span><\/a><\/p>\n","protected":false},"author":5,"featured_media":0,"comment_status":"open","ping_status":"closed","sticky":false,"template":"","format":"standard","meta":{"ngg_post_thumbnail":0,"footnotes":""},"categories":[1],"tags":[],"class_list":["post-7152","post","type-post","status-publish","format-standard","hentry","category-diverse"],"aioseo_notices":[],"_links":{"self":[{"href":"http:\/\/www.galoppbilder.se\/blogg\/index.php?rest_route=\/wp\/v2\/posts\/7152","targetHints":{"allow":["GET"]}}],"collection":[{"href":"http:\/\/www.galoppbilder.se\/blogg\/index.php?rest_route=\/wp\/v2\/posts"}],"about":[{"href":"http:\/\/www.galoppbilder.se\/blogg\/index.php?rest_route=\/wp\/v2\/types\/post"}],"author":[{"embeddable":true,"href":"http:\/\/www.galoppbilder.se\/blogg\/index.php?rest_route=\/wp\/v2\/users\/5"}],"replies":[{"embeddable":true,"href":"http:\/\/www.galoppbilder.se\/blogg\/index.php?rest_route=%2Fwp%2Fv2%2Fcomments&post=7152"}],"version-history":[{"count":3,"href":"http:\/\/www.galoppbilder.se\/blogg\/index.php?rest_route=\/wp\/v2\/posts\/7152\/revisions"}],"predecessor-version":[{"id":7155,"href":"http:\/\/www.galoppbilder.se\/blogg\/index.php?rest_route=\/wp\/v2\/posts\/7152\/revisions\/7155"}],"wp:attachment":[{"href":"http:\/\/www.galoppbilder.se\/blogg\/index.php?rest_route=%2Fwp%2Fv2%2Fmedia&parent=7152"}],"wp:term":[{"taxonomy":"category","embeddable":true,"href":"http:\/\/www.galoppbilder.se\/blogg\/index.php?rest_route=%2Fwp%2Fv2%2Fcategories&post=7152"},{"taxonomy":"post_tag","embeddable":true,"href":"http:\/\/www.galoppbilder.se\/blogg\/index.php?rest_route=%2Fwp%2Fv2%2Ftags&post=7152"}],"curies":[{"name":"wp","href":"https:\/\/api.w.org\/{rel}","templated":true}]}}