{"id":7236,"date":"2015-05-13T14:45:23","date_gmt":"2015-05-13T12:45:23","guid":{"rendered":"http:\/\/www.galoppbilder.se\/blogg\/?p=7236"},"modified":"2015-05-13T14:45:23","modified_gmt":"2015-05-13T12:45:23","slug":"besok-hos-stall-jardby","status":"publish","type":"post","link":"http:\/\/www.galoppbilder.se\/blogg\/?p=7236","title":{"rendered":"Bes\u00f6k hos stall Jardby"},"content":{"rendered":"<p><a href=\"http:\/\/www.galoppbilder.se\/blogg\/wp-content\/uploads\/2015\/05\/stalljardby3394.jpg\"><img loading=\"lazy\" decoding=\"async\" class=\"alignnone size-full wp-image-7238\" src=\"http:\/\/www.galoppbilder.se\/blogg\/wp-content\/uploads\/2015\/05\/stalljardby3394.jpg\" alt=\"Stall Jardby\" width=\"800\" height=\"710\" srcset=\"http:\/\/www.galoppbilder.se\/blogg\/wp-content\/uploads\/2015\/05\/stalljardby3394.jpg 800w, http:\/\/www.galoppbilder.se\/blogg\/wp-content\/uploads\/2015\/05\/stalljardby3394-300x266.jpg 300w\" sizes=\"auto, (max-width: 709px) 85vw, (max-width: 909px) 67vw, (max-width: 984px) 61vw, (max-width: 1362px) 45vw, 600px\" \/><\/a><\/p>\n<p>Tidigare i veckan bes\u00f6kte jag Peter Jardbys tr\u00e4ningsanl\u00e4ggning p\u00e5 Domme G\u00e5rd, som ligger n\u00e5gon mil s\u00f6der om Svedala. H\u00e4r \u00e4r en av m\u00e5nga bilder jag fick med mig hem. Det \u00e4r extra vackert nu n\u00e4r rapsen och maskrosorna\u00a0st\u00e5r i full blom.<\/p>\n","protected":false},"excerpt":{"rendered":"<p>Tidigare i veckan bes\u00f6kte jag Peter Jardbys tr\u00e4ningsanl\u00e4ggning p\u00e5 Domme G\u00e5rd, som ligger n\u00e5gon mil s\u00f6der om Svedala. H\u00e4r \u00e4r en av m\u00e5nga bilder jag fick med mig hem. Det \u00e4r extra vackert nu n\u00e4r rapsen och maskrosorna\u00a0st\u00e5r i full blom.<\/p>\n","protected":false},"author":5,"featured_media":0,"comment_status":"open","ping_status":"closed","sticky":false,"template":"","format":"standard","meta":{"ngg_post_thumbnail":0,"footnotes":""},"categories":[3,5],"tags":[36],"class_list":["post-7236","post","type-post","status-publish","format-standard","hentry","category-foto","category-smatt-och-gott","tag-tranare"],"aioseo_notices":[],"_links":{"self":[{"href":"http:\/\/www.galoppbilder.se\/blogg\/index.php?rest_route=\/wp\/v2\/posts\/7236","targetHints":{"allow":["GET"]}}],"collection":[{"href":"http:\/\/www.galoppbilder.se\/blogg\/index.php?rest_route=\/wp\/v2\/posts"}],"about":[{"href":"http:\/\/www.galoppbilder.se\/blogg\/index.php?rest_route=\/wp\/v2\/types\/post"}],"author":[{"embeddable":true,"href":"http:\/\/www.galoppbilder.se\/blogg\/index.php?rest_route=\/wp\/v2\/users\/5"}],"replies":[{"embeddable":true,"href":"http:\/\/www.galoppbilder.se\/blogg\/index.php?rest_route=%2Fwp%2Fv2%2Fcomments&post=7236"}],"version-history":[{"count":1,"href":"http:\/\/www.galoppbilder.se\/blogg\/index.php?rest_route=\/wp\/v2\/posts\/7236\/revisions"}],"predecessor-version":[{"id":7239,"href":"http:\/\/www.galoppbilder.se\/blogg\/index.php?rest_route=\/wp\/v2\/posts\/7236\/revisions\/7239"}],"wp:attachment":[{"href":"http:\/\/www.galoppbilder.se\/blogg\/index.php?rest_route=%2Fwp%2Fv2%2Fmedia&parent=7236"}],"wp:term":[{"taxonomy":"category","embeddable":true,"href":"http:\/\/www.galoppbilder.se\/blogg\/index.php?rest_route=%2Fwp%2Fv2%2Fcategories&post=7236"},{"taxonomy":"post_tag","embeddable":true,"href":"http:\/\/www.galoppbilder.se\/blogg\/index.php?rest_route=%2Fwp%2Fv2%2Ftags&post=7236"}],"curies":[{"name":"wp","href":"https:\/\/api.w.org\/{rel}","templated":true}]}}