{"id":7258,"date":"2015-05-26T11:52:14","date_gmt":"2015-05-26T09:52:14","guid":{"rendered":"http:\/\/www.galoppbilder.se\/blogg\/?p=7258"},"modified":"2015-05-26T14:26:07","modified_gmt":"2015-05-26T12:26:07","slug":"insandarna-forsvinner-pa-svenskgalopp-se","status":"publish","type":"post","link":"http:\/\/www.galoppbilder.se\/blogg\/?p=7258","title":{"rendered":"Ins\u00e4ndarna f\u00f6rsvinner p\u00e5 svenskgalopp.se"},"content":{"rendered":"<p><strong>N\u00e4r grundstenarna lades till ett nytt Svensk Galopp f\u00f6r sex \u00e5r sedan\u00a0fanns\u00a0en tydlig ambition att skapa en \u00f6ppen och transparent organisation. Tyv\u00e4rr har vi sett utvecklingen g\u00e5 i rakt motsatt riktning under de senaste \u00e5ren. Senast i raden \u00e4r styrelsens beslut om att ta bort m\u00f6jligheten att f\u00e5 ins\u00e4ndare publicerade p\u00e5 svenskgalopp.se<\/strong><\/p>\n<p>Under de tre \u00e5r jag jobbade som informationskoordinator p\u00e5 Svensk Galopp kom m\u00e5nga ins\u00e4ndare. Med n\u00e5gra f\u00e5 undantag publicerade jag allt som uppfyllde de stipulerade reglerna. Det innebar bland annat att texterna skulle vara undertecknade av s\u00e4ker k\u00e4lla och inte inneh\u00e5lla direkta personangrepp. P\u00e5 m\u00e5nga s\u00e4tt bidrog ins\u00e4ndarna till att ge en mer nyanserad bild av galoppsportens m\u00e5l och utmaningar. Ett av f\u00e5 verktyg f\u00f6r den vanlige galoppentusiasten att g\u00f6ra sin r\u00f6st h\u00f6rd.<\/p>\n<p>Problemet var emellertid att ins\u00e4ndarna s\u00e4llan blev besvarade, trots att ber\u00f6rda personer i organisationen i h\u00f6gsta grad hade tagit del av texterna. Om det berodde p\u00e5 nonchalans, ointresse eller tidsbrist l\u00e5ter jag vara osagt.<\/p>\n<p>Vid det senaste styrelsem\u00f6tet togs allts\u00e5 beslutet att ta bort ins\u00e4ndarna. Ett helt tokigt beslut enligt min mening. Argumenten f\u00f6r \u00e5tg\u00e4rden \u00e4r inte heller speciellt sv\u00e5ra att sticka h\u00e5l p\u00e5.<\/p>\n<blockquote><p>\u201dDet \u00e4r ovanligt att ha ins\u00e4ndare p\u00e5 hemsidan\u201d<\/p><\/blockquote>\n<p>Helt fel! Det \u00e4r snarare s\u00e5 att ett k\u00e4rt barn har v\u00e4xt upp och f\u00e5tt ett nytt namn. S\u00e5 kallat anv\u00e4ndargenererat inneh\u00e5ll (eng: user-generated content) har blivit enormt stort p\u00e5 webben under senare \u00e5r. Faktum \u00e4r att det idag \u00e4r vanliga anv\u00e4ndare som du och jag som st\u00e5r f\u00f6r huvudparten av den information som publiceras p\u00e5 n\u00e4tet.<\/p>\n<blockquote><p>\u201dNegativa ins\u00e4ndare riskerar att p\u00e5verka nya kunder och intressenter\u201d<\/p><\/blockquote>\n<p>Visst, en s\u00e5dan risk finns alltid. Men st\u00f6rre delen av ins\u00e4ndarna var faktiskt v\u00e4lskrivna och l\u00e5ngt ifr\u00e5n avskr\u00e4ckande. \u00c4r det d\u00e5 en bra l\u00f6sning att censurera allt? Det var inte utan anledningen att vi skapade en speciell sida f\u00f6r \u201dh\u00e4stfolk\u201d p\u00e5 nya svenskgalopp.se och placerade ins\u00e4ndarna en bra bit ner p\u00e5 sidan. Vidare \u00e4r jag helt \u00f6vertygad om att mycket av det som skrivs i forum utanf\u00f6r sajten svenskgalopp.se skadar galoppsporten betydligt mer.<\/p>\n<blockquote><p>\u201dDet inte varit helt enkelt att bed\u00f6ma de f\u00f6rslag som kommit in och det finns alltid d\u00e5 en risk att man upplever att vi censurerar det som inte passar oss\u201d<\/p><\/blockquote>\n<p>Alla texter som uppfyller de stipulerade reglerna ska naturligtvis publiceras oavsett om det <strong>passar<\/strong> ledningen eller inte. Och i min v\u00e4rld g\u00e5r d\u00e5liga argument alltid att bem\u00f6ta med bra argument. Sedan beh\u00f6ver inte\u00a0alla ins\u00e4ndare besvaras. Det viktiga \u00e4r att vi alla respekterar att folk har skilda\u00a0\u00e5sikter och g\u00f6r olika prioriteringar i sporten.<\/p>\n<blockquote><p>\u201dVi bed\u00f6mer ocks\u00e5 att det finns v\u00e4ldigt m\u00e5nga andra kanaler att g\u00f6ra sin r\u00f6st h\u00f6rd, inte minst genom olika former av sociala medier.\u201d<\/p><\/blockquote>\n<p>Detta m\u00e5ste vara det s\u00e4msta argumentet av alla. Jag \u00e4r n\u00e4mligen \u00f6vertygad om att ledning och styrelse inte tar del av vad som skrivs p\u00e5 sociala medier. Och om de mot f\u00f6rmodan g\u00f6r det s\u00e5 l\u00e4r de knappast ge sig in i debatter i dessa forum. Ett stort \u201dproblem\u201d i sporten under m\u00e5nga \u00e5r var forum som Travpunkten d\u00e4r m\u00e4nniskor <strong>anonymt<\/strong> kunde spy ur sig precis vad som helst, allt fr\u00e5n diffusa personangrepp till direkta \u00e4rekr\u00e4nkningar. Det gick s\u00e5 l\u00e5ngt som att d\u00e5varande VDn bad mig plocka bort l\u00e4nken till forumet. Det \u00e4r allts\u00e5 i s\u00e5dana forum styrelsen\u00a0vill att galoppentusiaster ska publicera f\u00f6rslag och id\u00e9er i forts\u00e4ttningen? Vidare verkar man inte f\u00f6rst\u00e5 att det \u00e4r i just sociala medier som galoppens image kan ta allra mest skada. F\u00f6r om det \u00e4r n\u00e5gon plats d\u00e4r nya intressenter kommer i kontakt med sporten s\u00e5 \u00e4r det just i sociala medier.<\/p>\n<p>Argumenten h\u00e5ller allts\u00e5 inte. Min bed\u00f6mning \u00e4r snarare att ins\u00e4ndarna upplevs som \u201dobekv\u00e4ma\u201d. Det \u00e4r jobbigt n\u00e4r m\u00e4nniskor kommer med motargument och det \u00e4r \u00e4nnu jobbigare att beh\u00f6va besvara dem. Vidare har styrelsen inte f\u00e5tt geh\u00f6r f\u00f6r tv\u00e5 tunga motioner i fullm\u00e4ktige under senare \u00e5r. <strong>1.<\/strong> Att l\u00e4gga G\u00f6teborg Galopp i malp\u00e5se. <strong>2.<\/strong> Avvecklingen av hindersporten i landet. B\u00e5da fr\u00e5gorna har f\u00f6reg\u00e5tts av v\u00e4lskrivna ins\u00e4ndare p\u00e5 svenskgalopp.se. Hur mycket de har p\u00e5verkat medlemmarna i fullm\u00e4ktige \u00e4r naturligtvis om\u00f6jligt att s\u00e4ga. Men att de har varit en n\u00e5l i \u00f6gat f\u00f6r m\u00e5nga beh\u00f6ver vi nog inte betvivla.<\/p>\n","protected":false},"excerpt":{"rendered":"<p>N\u00e4r grundstenarna lades till ett nytt Svensk Galopp f\u00f6r sex \u00e5r sedan\u00a0fanns\u00a0en tydlig ambition att skapa en \u00f6ppen och transparent organisation. Tyv\u00e4rr har vi sett utvecklingen g\u00e5 i rakt motsatt riktning under de senaste \u00e5ren. Senast i raden \u00e4r styrelsens beslut om att ta bort m\u00f6jligheten att f\u00e5 ins\u00e4ndare publicerade p\u00e5 svenskgalopp.se Under de tre &hellip; <a href=\"http:\/\/www.galoppbilder.se\/blogg\/?p=7258\" class=\"more-link\">Forts\u00e4tt l\u00e4sa<span class=\"screen-reader-text\"> \u201dIns\u00e4ndarna f\u00f6rsvinner p\u00e5 svenskgalopp.se\u201d<\/span><\/a><\/p>\n","protected":false},"author":5,"featured_media":0,"comment_status":"open","ping_status":"closed","sticky":false,"template":"","format":"standard","meta":{"ngg_post_thumbnail":0,"footnotes":""},"categories":[1],"tags":[86],"class_list":["post-7258","post","type-post","status-publish","format-standard","hentry","category-diverse","tag-svenskgalopp-se"],"aioseo_notices":[],"_links":{"self":[{"href":"http:\/\/www.galoppbilder.se\/blogg\/index.php?rest_route=\/wp\/v2\/posts\/7258","targetHints":{"allow":["GET"]}}],"collection":[{"href":"http:\/\/www.galoppbilder.se\/blogg\/index.php?rest_route=\/wp\/v2\/posts"}],"about":[{"href":"http:\/\/www.galoppbilder.se\/blogg\/index.php?rest_route=\/wp\/v2\/types\/post"}],"author":[{"embeddable":true,"href":"http:\/\/www.galoppbilder.se\/blogg\/index.php?rest_route=\/wp\/v2\/users\/5"}],"replies":[{"embeddable":true,"href":"http:\/\/www.galoppbilder.se\/blogg\/index.php?rest_route=%2Fwp%2Fv2%2Fcomments&post=7258"}],"version-history":[{"count":5,"href":"http:\/\/www.galoppbilder.se\/blogg\/index.php?rest_route=\/wp\/v2\/posts\/7258\/revisions"}],"predecessor-version":[{"id":7263,"href":"http:\/\/www.galoppbilder.se\/blogg\/index.php?rest_route=\/wp\/v2\/posts\/7258\/revisions\/7263"}],"wp:attachment":[{"href":"http:\/\/www.galoppbilder.se\/blogg\/index.php?rest_route=%2Fwp%2Fv2%2Fmedia&parent=7258"}],"wp:term":[{"taxonomy":"category","embeddable":true,"href":"http:\/\/www.galoppbilder.se\/blogg\/index.php?rest_route=%2Fwp%2Fv2%2Fcategories&post=7258"},{"taxonomy":"post_tag","embeddable":true,"href":"http:\/\/www.galoppbilder.se\/blogg\/index.php?rest_route=%2Fwp%2Fv2%2Ftags&post=7258"}],"curies":[{"name":"wp","href":"https:\/\/api.w.org\/{rel}","templated":true}]}}