{"id":7272,"date":"2015-06-04T10:27:31","date_gmt":"2015-06-04T08:27:31","guid":{"rendered":"http:\/\/www.galoppbilder.se\/blogg\/?p=7272"},"modified":"2015-06-04T12:05:30","modified_gmt":"2015-06-04T10:05:30","slug":"throwback-thursdag-vecka-23-2015","status":"publish","type":"post","link":"http:\/\/www.galoppbilder.se\/blogg\/?p=7272","title":{"rendered":"Throwback Thursday vecka 23 2015"},"content":{"rendered":"<p><a href=\"http:\/\/www.galoppbilder.se\/blogg\/wp-content\/uploads\/2015\/06\/galopp-gardet-3116-L.jpg\"><img loading=\"lazy\" decoding=\"async\" class=\"alignnone size-full wp-image-7273\" src=\"http:\/\/www.galoppbilder.se\/blogg\/wp-content\/uploads\/2015\/06\/galopp-gardet-3116-L.jpg\" alt=\"G\u00e4rdet provridning\" width=\"800\" height=\"503\" srcset=\"http:\/\/www.galoppbilder.se\/blogg\/wp-content\/uploads\/2015\/06\/galopp-gardet-3116-L.jpg 800w, http:\/\/www.galoppbilder.se\/blogg\/wp-content\/uploads\/2015\/06\/galopp-gardet-3116-L-300x189.jpg 300w\" sizes=\"auto, (max-width: 709px) 85vw, (max-width: 909px) 67vw, (max-width: 984px) 61vw, (max-width: 1362px) 45vw, 600px\" \/><\/a><\/p>\n<p>P\u00e5 l\u00f6rdag \u00e4r det den 6 juni. F\u00f6r tredje \u00e5ret i rad arrangerar Svensk Galopp Nationaldagst\u00e4vlingar p\u00e5 G\u00e4rdet. Bilderna i veckans Throwback Thursday \u00e4r inte tagna i samband med n\u00e5gon av de tv\u00e5 tidigare upplagorna. Nej, de h\u00e4r bilderna \u00e4r fr\u00e5n den 11 oktober 2012 d\u00e5 banan provreds f\u00f6r allra f\u00f6rsta g\u00e5ngen.<\/p>\n<p>Ryttarna som gjorde det var Per-Anders Gr\u00e5berg, Rebecca Colldin, Espen Ski, Jacob Johansen, Ninni Westerlund och Hillevi Ljungqvist. Med vissa reservationer fick banan tummen upp av samtliga!<\/p>\n<p><a href=\"http:\/\/www.galoppbilder.se\/blogg\/wp-content\/uploads\/2012\/10\/jockeys-gardet.jpg\"><img loading=\"lazy\" decoding=\"async\" class=\" size-full wp-image-6528 aligncenter\" src=\"http:\/\/www.galoppbilder.se\/blogg\/wp-content\/uploads\/2012\/10\/jockeys-gardet.jpg\" alt=\"Jockeys p\u00e5 Djurg\u00e5rden\" width=\"600\" height=\"543\" srcset=\"http:\/\/www.galoppbilder.se\/blogg\/wp-content\/uploads\/2012\/10\/jockeys-gardet.jpg 600w, http:\/\/www.galoppbilder.se\/blogg\/wp-content\/uploads\/2012\/10\/jockeys-gardet-300x271.jpg 300w\" sizes=\"auto, (max-width: 709px) 85vw, (max-width: 909px) 67vw, (max-width: 984px) 61vw, (max-width: 1362px) 45vw, 600px\" \/><\/a><\/p>\n<p><iframe loading=\"lazy\" src=\"https:\/\/www.youtube.com\/embed\/ByJFy-NP7Eo?rel=0\" width=\"640\" height=\"360\" frameborder=\"0\" allowfullscreen=\"allowfullscreen\"><\/iframe><\/p>\n","protected":false},"excerpt":{"rendered":"<p>P\u00e5 l\u00f6rdag \u00e4r det den 6 juni. F\u00f6r tredje \u00e5ret i rad arrangerar Svensk Galopp Nationaldagst\u00e4vlingar p\u00e5 G\u00e4rdet. Bilderna i veckans Throwback Thursday \u00e4r inte tagna i samband med n\u00e5gon av de tv\u00e5 tidigare upplagorna. Nej, de h\u00e4r bilderna \u00e4r fr\u00e5n den 11 oktober 2012 d\u00e5 banan provreds f\u00f6r allra f\u00f6rsta g\u00e5ngen. Ryttarna som gjorde &hellip; <a href=\"http:\/\/www.galoppbilder.se\/blogg\/?p=7272\" class=\"more-link\">Forts\u00e4tt l\u00e4sa<span class=\"screen-reader-text\"> \u201dThrowback Thursday vecka 23 2015\u201d<\/span><\/a><\/p>\n","protected":false},"author":5,"featured_media":0,"comment_status":"open","ping_status":"closed","sticky":false,"template":"","format":"standard","meta":{"ngg_post_thumbnail":0,"footnotes":""},"categories":[5],"tags":[112,120,118],"class_list":["post-7272","post","type-post","status-publish","format-standard","hentry","category-smatt-och-gott","tag-djurgarden","tag-nationaldagsgaloppen","tag-throwback-thursday"],"aioseo_notices":[],"_links":{"self":[{"href":"http:\/\/www.galoppbilder.se\/blogg\/index.php?rest_route=\/wp\/v2\/posts\/7272","targetHints":{"allow":["GET"]}}],"collection":[{"href":"http:\/\/www.galoppbilder.se\/blogg\/index.php?rest_route=\/wp\/v2\/posts"}],"about":[{"href":"http:\/\/www.galoppbilder.se\/blogg\/index.php?rest_route=\/wp\/v2\/types\/post"}],"author":[{"embeddable":true,"href":"http:\/\/www.galoppbilder.se\/blogg\/index.php?rest_route=\/wp\/v2\/users\/5"}],"replies":[{"embeddable":true,"href":"http:\/\/www.galoppbilder.se\/blogg\/index.php?rest_route=%2Fwp%2Fv2%2Fcomments&post=7272"}],"version-history":[{"count":3,"href":"http:\/\/www.galoppbilder.se\/blogg\/index.php?rest_route=\/wp\/v2\/posts\/7272\/revisions"}],"predecessor-version":[{"id":7276,"href":"http:\/\/www.galoppbilder.se\/blogg\/index.php?rest_route=\/wp\/v2\/posts\/7272\/revisions\/7276"}],"wp:attachment":[{"href":"http:\/\/www.galoppbilder.se\/blogg\/index.php?rest_route=%2Fwp%2Fv2%2Fmedia&parent=7272"}],"wp:term":[{"taxonomy":"category","embeddable":true,"href":"http:\/\/www.galoppbilder.se\/blogg\/index.php?rest_route=%2Fwp%2Fv2%2Fcategories&post=7272"},{"taxonomy":"post_tag","embeddable":true,"href":"http:\/\/www.galoppbilder.se\/blogg\/index.php?rest_route=%2Fwp%2Fv2%2Ftags&post=7272"}],"curies":[{"name":"wp","href":"https:\/\/api.w.org\/{rel}","templated":true}]}}